{"id":45496,"date":"2019-08-20T20:10:39","date_gmt":"2019-08-20T23:10:39","guid":{"rendered":"http:\/\/blogdoedvaldomagalhaes.com.br\/?p=45496"},"modified":"2019-08-20T20:10:42","modified_gmt":"2019-08-20T23:10:42","slug":"apae-caruaru-com-programacao-na-semana-nacional-da-pessoa-com-deficiencia","status":"publish","type":"post","link":"https:\/\/blogdoedvaldomagalhaes.com.br\/index.php\/2019\/08\/20\/apae-caruaru-com-programacao-na-semana-nacional-da-pessoa-com-deficiencia\/","title":{"rendered":"Apae Caruaru com programa\u00e7\u00e3o na Semana Nacional da Pessoa com Defici\u00eancia"},"content":{"rendered":"<p style=\"text-align: justify;\"><span style=\"font-size: inherit;\">Tem in\u00edcio no dia 21 e segue at\u00e9 o pr\u00f3ximo dia 28 de agosto a Semana Nacional da Pessoa com Defici\u00eancia Intelectual e M\u00faltipla, a semana \u00e9 comemorada todos os anos e abre debates para que a sociedade reflita sobre o dever da igualdade. A associa\u00e7\u00e3o de pais e amigos dos excepcionais \u2013 Apae, desenvolveu uma programa\u00e7\u00e3o especial em todo o Brasil, em Pernambuco as 26 unidades estar\u00e3o com programa\u00e7\u00f5es voltadas a pessoa e seus familiares.\u00a0<\/span><\/p>\n<p style=\"text-align: justify;\">Em 2017 foi sancionada a Lei 13.585 de 26 de dezembro de 2017, que institui a Semana Nacional da Pessoa com Defici\u00eancia Intelectual e M\u00faltipla dos dias 21 a 28 de agosto, pelo segundo ano consecutivo com base no tema: &#8220;Fam\u00edlia e pessoa com defici\u00eancia, protagonistas na implementa\u00e7\u00e3o das pol\u00edticas p\u00fablicas&#8221; a Semana reafirma a import\u00e2ncia da participa\u00e7\u00e3o da fam\u00edlia, em todos os processos de vida dos seus filhos. Segue abaixo a programa\u00e7\u00e3o da Apae Caruaru:<br \/>\nDia 21\/08 (quarta-feira)<br \/>\n9h: Abertura na II Confer\u00eancia Municipal dos Direitos da Pessoa com Defici\u00eancia.<br \/>\nLocal: Faculdade Maur\u00edcio de Nassau<br \/>\n14h: Culto de A\u00e7\u00e3o de Gra\u00e7a Sede da APAE Caruaru.<\/p>\n<p style=\"text-align: justify;\">Dia 22\/08 (quinta-feira)<br \/>\nEntre 9h e 14h: Oficinas de material de baixo custo para ser utilizado no tratamento da pessoa com defici\u00eancia em ambiente familiar<br \/>\nLocal: Sede da APAE Caruaru<\/p>\n<p style=\"text-align: justify;\">Dia 23\/08 (sexta-feira)<br \/>\n9h: Os benef\u00edcios do toque atrav\u00e9s da massagem para tranquilizar e adormecer a crian\u00e7a, &#8211; com a distribui\u00e7\u00e3o de kits de \u00f3leo.<br \/>\n10h: A sa\u00fade come\u00e7a na boca: como cuidar dos dentes de seu filho, \u2013 com a distribui\u00e7\u00e3o de kits dentais<br \/>\n14h: Show com o m\u00e1gico ilusionista Mike Martins, que atua h\u00e1 mais de 20 anos como construtor de equipamentos para ilusionistas de todo o Brasil e tamb\u00e9m como ator.<br \/>\nLocal: Sede da APAE<\/p>\n<p style=\"text-align: justify;\">26\/08 (segunda-feira)<br \/>\n12h: Missa de A\u00e7\u00e3o de Gra\u00e7a pela Semana da Pessoa com Defici\u00eancia. Local: Par\u00f3quia de S\u00e3o Jos\u00e9 (Fafica)<\/p>\n<p style=\"text-align: justify;\">27\/08 (ter\u00e7a-feira)<br \/>\nEntre 9h e 14h: Palestra sobre o tema da Semana da Pessoa com Defici\u00eancia 2019: \u201cFam\u00edlia e pessoa com defici\u00eancia, protagonistas na implementa\u00e7\u00e3o de pol\u00edticas p\u00fablicas\u201d, com a equipe multidisciplinar da APAE Caruaru.<br \/>\nLocal: Sede da APAE Caruaru<\/p>\n<p style=\"text-align: justify;\">28\/08 (quarta-feira)<br \/>\n9h: Encerramento da Semana da Pessoa com Defici\u00eancia com abra\u00e7o e panfletagem.<br \/>\nLocal: Marco Zero de Caruaru<\/p>\n<p style=\"text-align: justify;\">14h: Show circense com o Palha\u00e7o Pituka.<br \/>\nLocal: Sede da APAE Caruaru.<\/p>\n<p style=\"text-align: justify;\">Durante toda a semana as crian\u00e7as da Apae ter\u00e3o pula-pula, piscina de bolas, pipoca e algod\u00e3o doce, na sede da entidade que fica localizada na rua Alzira Vidal de Oliveira, 420 &#8211; Petrop\u00f3lis<\/p>\n","protected":false},"excerpt":{"rendered":"<p>Tem in\u00edcio no dia 21 e segue at\u00e9 o pr\u00f3ximo dia 28 de agosto a Semana Nacional da Pessoa com&hellip;<\/p>\n","protected":false},"author":1,"featured_media":45497,"comment_status":"closed","ping_status":"open","sticky":false,"template":"","format":"standard","meta":{"footnotes":""},"categories":[14120],"tags":[15865,2],"class_list":["post-45496","post","type-post","status-publish","format-standard","has-post-thumbnail","hentry","category-noticias","tag-apae-caruaru-com-programacao-na-semana-nacional-da-pessoa-com-deficiencia","tag-blog-do-edvaldo-magalhaes"],"_links":{"self":[{"href":"https:\/\/blogdoedvaldomagalhaes.com.br\/index.php\/wp-json\/wp\/v2\/posts\/45496","targetHints":{"allow":["GET"]}}],"collection":[{"href":"https:\/\/blogdoedvaldomagalhaes.com.br\/index.php\/wp-json\/wp\/v2\/posts"}],"about":[{"href":"https:\/\/blogdoedvaldomagalhaes.com.br\/index.php\/wp-json\/wp\/v2\/types\/post"}],"author":[{"embeddable":true,"href":"https:\/\/blogdoedvaldomagalhaes.com.br\/index.php\/wp-json\/wp\/v2\/users\/1"}],"replies":[{"embeddable":true,"href":"https:\/\/blogdoedvaldomagalhaes.com.br\/index.php\/wp-json\/wp\/v2\/comments?post=45496"}],"version-history":[{"count":1,"href":"https:\/\/blogdoedvaldomagalhaes.com.br\/index.php\/wp-json\/wp\/v2\/posts\/45496\/revisions"}],"predecessor-version":[{"id":45499,"href":"https:\/\/blogdoedvaldomagalhaes.com.br\/index.php\/wp-json\/wp\/v2\/posts\/45496\/revisions\/45499"}],"wp:featuredmedia":[{"embeddable":true,"href":"https:\/\/blogdoedvaldomagalhaes.com.br\/index.php\/wp-json\/wp\/v2\/media\/45497"}],"wp:attachment":[{"href":"https:\/\/blogdoedvaldomagalhaes.com.br\/index.php\/wp-json\/wp\/v2\/media?parent=45496"}],"wp:term":[{"taxonomy":"category","embeddable":true,"href":"https:\/\/blogdoedvaldomagalhaes.com.br\/index.php\/wp-json\/wp\/v2\/categories?post=45496"},{"taxonomy":"post_tag","embeddable":true,"href":"https:\/\/blogdoedvaldomagalhaes.com.br\/index.php\/wp-json\/wp\/v2\/tags?post=45496"}],"curies":[{"name":"wp","href":"https:\/\/api.w.org\/{rel}","templated":true}]}}