{"id":45480,"date":"2019-08-20T13:30:54","date_gmt":"2019-08-20T16:30:54","guid":{"rendered":"http:\/\/blogdoedvaldomagalhaes.com.br\/?p=45480"},"modified":"2019-08-20T14:31:03","modified_gmt":"2019-08-20T17:31:03","slug":"educacao-infantil-e-eja-de-caruaru-tem-novas-gerentes","status":"publish","type":"post","link":"https:\/\/blogdoedvaldomagalhaes.com.br\/index.php\/2019\/08\/20\/educacao-infantil-e-eja-de-caruaru-tem-novas-gerentes\/","title":{"rendered":"Nomeadas duas novas gerentes na Secretaria de Educa\u00e7\u00e3o de Caruaru"},"content":{"rendered":"<p style=\"text-align: justify;\">A Prefeita de Caruaru, Raquel Lyra (PSDB), nomeou duas novas gerentes para a Secretaria Municipal de Educa\u00e7\u00e3o. F\u00e1tima Siqueira foi nomeada Gerente Geral de Ensino Fundamental e EJA, substituindo Marisa Sarinho. J\u00e1 Dalvani Pastor, foi nomeada Gerente Geral de Educa\u00e7\u00e3o Infantil, e substitui Bruna Vasconcelos, que vai ser Gerente do IQE.<\/p>\n\n\n<figure class=\"wp-block-image\"><img loading=\"lazy\" decoding=\"async\" width=\"720\" height=\"720\" src=\"http:\/\/blogdoedvaldomagalhaes.com.br\/wp-content\/uploads\/2019\/08\/IMG-20190820-WA0086.jpg\" alt=\"\" class=\"wp-image-45491\" srcset=\"https:\/\/blogdoedvaldomagalhaes.com.br\/wp-content\/uploads\/2019\/08\/IMG-20190820-WA0086.jpg 720w, https:\/\/blogdoedvaldomagalhaes.com.br\/wp-content\/uploads\/2019\/08\/IMG-20190820-WA0086-150x150.jpg 150w, https:\/\/blogdoedvaldomagalhaes.com.br\/wp-content\/uploads\/2019\/08\/IMG-20190820-WA0086-300x300.jpg 300w\" sizes=\"auto, (max-width: 720px) 100vw, 720px\" \/><figcaption>F\u00e1tima Siqueira<\/figcaption><\/figure>\n\n\n\n<figure class=\"wp-block-image\"><img loading=\"lazy\" decoding=\"async\" width=\"279\" height=\"573\" src=\"http:\/\/blogdoedvaldomagalhaes.com.br\/wp-content\/uploads\/2019\/08\/IMG-20190820-WA0087.jpg\" alt=\"\" class=\"wp-image-45492\" srcset=\"https:\/\/blogdoedvaldomagalhaes.com.br\/wp-content\/uploads\/2019\/08\/IMG-20190820-WA0087.jpg 279w, https:\/\/blogdoedvaldomagalhaes.com.br\/wp-content\/uploads\/2019\/08\/IMG-20190820-WA0087-146x300.jpg 146w\" sizes=\"auto, (max-width: 279px) 100vw, 279px\" \/><figcaption>Dalvani Pastor<\/figcaption><\/figure>\n","protected":false},"excerpt":{"rendered":"<p>A Prefeita de Caruaru, Raquel Lyra (PSDB), nomeou duas novas gerentes para a Secretaria Municipal de Educa\u00e7\u00e3o. F\u00e1tima Siqueira foi&hellip;<\/p>\n","protected":false},"author":1,"featured_media":45481,"comment_status":"closed","ping_status":"open","sticky":false,"template":"","format":"standard","meta":{"footnotes":""},"categories":[14120],"tags":[2,15863,1229],"class_list":["post-45480","post","type-post","status-publish","format-standard","has-post-thumbnail","hentry","category-noticias","tag-blog-do-edvaldo-magalhaes","tag-nomeadas-duas-novas-gerentes-na-secretaria-de-educacao-de-caruaru","tag-raquel-lyra"],"_links":{"self":[{"href":"https:\/\/blogdoedvaldomagalhaes.com.br\/index.php\/wp-json\/wp\/v2\/posts\/45480","targetHints":{"allow":["GET"]}}],"collection":[{"href":"https:\/\/blogdoedvaldomagalhaes.com.br\/index.php\/wp-json\/wp\/v2\/posts"}],"about":[{"href":"https:\/\/blogdoedvaldomagalhaes.com.br\/index.php\/wp-json\/wp\/v2\/types\/post"}],"author":[{"embeddable":true,"href":"https:\/\/blogdoedvaldomagalhaes.com.br\/index.php\/wp-json\/wp\/v2\/users\/1"}],"replies":[{"embeddable":true,"href":"https:\/\/blogdoedvaldomagalhaes.com.br\/index.php\/wp-json\/wp\/v2\/comments?post=45480"}],"version-history":[{"count":5,"href":"https:\/\/blogdoedvaldomagalhaes.com.br\/index.php\/wp-json\/wp\/v2\/posts\/45480\/revisions"}],"predecessor-version":[{"id":45495,"href":"https:\/\/blogdoedvaldomagalhaes.com.br\/index.php\/wp-json\/wp\/v2\/posts\/45480\/revisions\/45495"}],"wp:featuredmedia":[{"embeddable":true,"href":"https:\/\/blogdoedvaldomagalhaes.com.br\/index.php\/wp-json\/wp\/v2\/media\/45481"}],"wp:attachment":[{"href":"https:\/\/blogdoedvaldomagalhaes.com.br\/index.php\/wp-json\/wp\/v2\/media?parent=45480"}],"wp:term":[{"taxonomy":"category","embeddable":true,"href":"https:\/\/blogdoedvaldomagalhaes.com.br\/index.php\/wp-json\/wp\/v2\/categories?post=45480"},{"taxonomy":"post_tag","embeddable":true,"href":"https:\/\/blogdoedvaldomagalhaes.com.br\/index.php\/wp-json\/wp\/v2\/tags?post=45480"}],"curies":[{"name":"wp","href":"https:\/\/api.w.org\/{rel}","templated":true}]}}