{"id":45477,"date":"2019-08-20T13:20:04","date_gmt":"2019-08-20T16:20:04","guid":{"rendered":"http:\/\/blogdoedvaldomagalhaes.com.br\/?p=45477"},"modified":"2019-08-20T13:35:09","modified_gmt":"2019-08-20T16:35:09","slug":"ipem-pe-intensifica-fiscalizacao-em-postos-de-combustiveis-em-caruaru-e-regiao","status":"publish","type":"post","link":"https:\/\/blogdoedvaldomagalhaes.com.br\/index.php\/2019\/08\/20\/ipem-pe-intensifica-fiscalizacao-em-postos-de-combustiveis-em-caruaru-e-regiao\/","title":{"rendered":"Ipem-PE intensifica fiscaliza\u00e7\u00e3o em postos de combust\u00edveis em Caruaru e regi\u00e3o"},"content":{"rendered":"<p style=\"text-align: justify;\">O Instituto de Pesos e Medidas de Pernambuco (Ipem-PE) est\u00e1 intensificando, durante esta semana, as fiscaliza\u00e7\u00f5es em postos de combust\u00edveis em Caruaru e regi\u00e3o.\u00a0 O objetivo da a\u00e7\u00e3o \u00e9 verificar se o volume total de combust\u00edvel colocado nos ve\u00edculos corresponde ao valor que est\u00e1 sendo cobrado pelos postos, bem como coibir pr\u00e1ticas que gerem preju\u00edzo ao consumidor.<\/p>\n<p style=\"text-align: justify;\">De car\u00e1ter obrigat\u00f3rio, as verifica\u00e7\u00f5es peri\u00f3dicas s\u00e3o efetuadas anualmente e sempre que o equipamento sofrer um reparo ou manuten\u00e7\u00e3o. A verifica\u00e7\u00e3o da bomba consiste em uma s\u00e9rie de procedimentos, a come\u00e7ar pela inspe\u00e7\u00e3o visual, onde s\u00e3o verificadas a inscri\u00e7\u00f5es obrigat\u00f3rias, funcionamento, conserva\u00e7\u00e3o, itens de seguran\u00e7a e selo do Inmetro. Em seguida, iniciam-se os ensaios propriamente ditos, nos quais os fiscais do instituto verificam se existe algum defeito ou adultera\u00e7\u00e3o que influa na quantidade de combust\u00edvel entregue.<\/p>\n<p style=\"text-align: justify;\">De acordo com o Presidente do Ipem-PE, Adriano Martins, \u201cestamos trabalhando para garantir que o consumidor esteja sempre protegido em suas rela\u00e7\u00f5es de consumo\u201d.<\/p>\n<p style=\"text-align: justify;\">O consumidor que desconfiar ou encontrar irregularidades pode recorrer ao servi\u00e7o da ouvidoria pelo 0800 081 1526, de segunda a sexta-feira, das 8h \u00e0s 14h, ou enviar e-mail para\u00a0<a style=\"font-weight: inherit; font-style: inherit;\" href=\"mailto:ouvidoria@ipem.pe.gov.br\">ouvidoria@ipem.pe.gov.br<\/a>.<\/p>\n\n\n<figure class=\"wp-block-image\"><img loading=\"lazy\" decoding=\"async\" width=\"768\" height=\"1024\" src=\"http:\/\/blogdoedvaldomagalhaes.com.br\/wp-content\/uploads\/2019\/08\/Posto_Combust\u00edvel_02-768x1024.jpg\" alt=\"\" class=\"wp-image-45483\" srcset=\"https:\/\/blogdoedvaldomagalhaes.com.br\/wp-content\/uploads\/2019\/08\/Posto_Combust\u00edvel_02-768x1024.jpg 768w, https:\/\/blogdoedvaldomagalhaes.com.br\/wp-content\/uploads\/2019\/08\/Posto_Combust\u00edvel_02-225x300.jpg 225w, https:\/\/blogdoedvaldomagalhaes.com.br\/wp-content\/uploads\/2019\/08\/Posto_Combust\u00edvel_02.jpg 960w\" sizes=\"auto, (max-width: 768px) 100vw, 768px\" \/><\/figure>\n\n\n\n<figure class=\"wp-block-image\"><img loading=\"lazy\" decoding=\"async\" width=\"768\" height=\"1024\" src=\"http:\/\/blogdoedvaldomagalhaes.com.br\/wp-content\/uploads\/2019\/08\/Posto_Combust\u00edvel_03-768x1024.jpeg\" alt=\"\" class=\"wp-image-45484\" srcset=\"https:\/\/blogdoedvaldomagalhaes.com.br\/wp-content\/uploads\/2019\/08\/Posto_Combust\u00edvel_03.jpeg 768w, https:\/\/blogdoedvaldomagalhaes.com.br\/wp-content\/uploads\/2019\/08\/Posto_Combust\u00edvel_03-225x300.jpeg 225w\" sizes=\"auto, (max-width: 768px) 100vw, 768px\" \/><\/figure>\n\n\n\n<figure class=\"wp-block-image\"><img loading=\"lazy\" decoding=\"async\" width=\"768\" height=\"1024\" src=\"http:\/\/blogdoedvaldomagalhaes.com.br\/wp-content\/uploads\/2019\/08\/Posto_Combust\u00edvel_04-768x1024.jpeg\" alt=\"\" class=\"wp-image-45485\" srcset=\"https:\/\/blogdoedvaldomagalhaes.com.br\/wp-content\/uploads\/2019\/08\/Posto_Combust\u00edvel_04.jpeg 768w, https:\/\/blogdoedvaldomagalhaes.com.br\/wp-content\/uploads\/2019\/08\/Posto_Combust\u00edvel_04-225x300.jpeg 225w\" sizes=\"auto, (max-width: 768px) 100vw, 768px\" \/><\/figure>\n\n\n\n<figure class=\"wp-block-image\"><img loading=\"lazy\" decoding=\"async\" width=\"768\" height=\"1024\" src=\"http:\/\/blogdoedvaldomagalhaes.com.br\/wp-content\/uploads\/2019\/08\/Posto_Combust\u00edvel_05-768x1024.jpeg\" alt=\"\" class=\"wp-image-45486\" srcset=\"https:\/\/blogdoedvaldomagalhaes.com.br\/wp-content\/uploads\/2019\/08\/Posto_Combust\u00edvel_05.jpeg 768w, https:\/\/blogdoedvaldomagalhaes.com.br\/wp-content\/uploads\/2019\/08\/Posto_Combust\u00edvel_05-225x300.jpeg 225w\" sizes=\"auto, (max-width: 768px) 100vw, 768px\" \/><\/figure>\n\n\n\n<figure class=\"wp-block-image\"><img loading=\"lazy\" decoding=\"async\" width=\"768\" height=\"1024\" src=\"http:\/\/blogdoedvaldomagalhaes.com.br\/wp-content\/uploads\/2019\/08\/Posto_Combust\u00edvel_06-768x1024.jpeg\" alt=\"\" class=\"wp-image-45487\" srcset=\"https:\/\/blogdoedvaldomagalhaes.com.br\/wp-content\/uploads\/2019\/08\/Posto_Combust\u00edvel_06.jpeg 768w, https:\/\/blogdoedvaldomagalhaes.com.br\/wp-content\/uploads\/2019\/08\/Posto_Combust\u00edvel_06-225x300.jpeg 225w\" sizes=\"auto, (max-width: 768px) 100vw, 768px\" \/><figcaption>Fotos: Divulga\u00e7\u00e3o<\/figcaption><\/figure>\n","protected":false},"excerpt":{"rendered":"<p>O Instituto de Pesos e Medidas de Pernambuco (Ipem-PE) est\u00e1 intensificando, durante esta semana, as fiscaliza\u00e7\u00f5es em postos de combust\u00edveis&hellip;<\/p>\n","protected":false},"author":1,"featured_media":45478,"comment_status":"closed","ping_status":"open","sticky":false,"template":"","format":"standard","meta":{"footnotes":""},"categories":[14120],"tags":[2,15861],"class_list":["post-45477","post","type-post","status-publish","format-standard","has-post-thumbnail","hentry","category-noticias","tag-blog-do-edvaldo-magalhaes","tag-ipem-pe-intensifica-fiscalizacao-em-postos-de-combustiveis-em-caruaru-e-regiao"],"_links":{"self":[{"href":"https:\/\/blogdoedvaldomagalhaes.com.br\/index.php\/wp-json\/wp\/v2\/posts\/45477","targetHints":{"allow":["GET"]}}],"collection":[{"href":"https:\/\/blogdoedvaldomagalhaes.com.br\/index.php\/wp-json\/wp\/v2\/posts"}],"about":[{"href":"https:\/\/blogdoedvaldomagalhaes.com.br\/index.php\/wp-json\/wp\/v2\/types\/post"}],"author":[{"embeddable":true,"href":"https:\/\/blogdoedvaldomagalhaes.com.br\/index.php\/wp-json\/wp\/v2\/users\/1"}],"replies":[{"embeddable":true,"href":"https:\/\/blogdoedvaldomagalhaes.com.br\/index.php\/wp-json\/wp\/v2\/comments?post=45477"}],"version-history":[{"count":2,"href":"https:\/\/blogdoedvaldomagalhaes.com.br\/index.php\/wp-json\/wp\/v2\/posts\/45477\/revisions"}],"predecessor-version":[{"id":45488,"href":"https:\/\/blogdoedvaldomagalhaes.com.br\/index.php\/wp-json\/wp\/v2\/posts\/45477\/revisions\/45488"}],"wp:featuredmedia":[{"embeddable":true,"href":"https:\/\/blogdoedvaldomagalhaes.com.br\/index.php\/wp-json\/wp\/v2\/media\/45478"}],"wp:attachment":[{"href":"https:\/\/blogdoedvaldomagalhaes.com.br\/index.php\/wp-json\/wp\/v2\/media?parent=45477"}],"wp:term":[{"taxonomy":"category","embeddable":true,"href":"https:\/\/blogdoedvaldomagalhaes.com.br\/index.php\/wp-json\/wp\/v2\/categories?post=45477"},{"taxonomy":"post_tag","embeddable":true,"href":"https:\/\/blogdoedvaldomagalhaes.com.br\/index.php\/wp-json\/wp\/v2\/tags?post=45477"}],"curies":[{"name":"wp","href":"https:\/\/api.w.org\/{rel}","templated":true}]}}