{"id":45470,"date":"2019-08-20T13:04:02","date_gmt":"2019-08-20T16:04:02","guid":{"rendered":"http:\/\/blogdoedvaldomagalhaes.com.br\/?p=45470"},"modified":"2019-08-20T13:05:41","modified_gmt":"2019-08-20T16:05:41","slug":"casa-dos-pobres-sao-francisco-de-assis-comemora-o-dia-dos-voluntarios","status":"publish","type":"post","link":"https:\/\/blogdoedvaldomagalhaes.com.br\/index.php\/2019\/08\/20\/casa-dos-pobres-sao-francisco-de-assis-comemora-o-dia-dos-voluntarios\/","title":{"rendered":"Casa dos Pobres S\u00e3o Francisco de Assis comemora o Dia dos Volunt\u00e1rios"},"content":{"rendered":"<p style=\"text-align: justify;\">Atualmente a Casa conta com 83 moradores, todos acompanhados pelos profissionais contratados pela Casa como geriatra, enfermeira e t\u00e9cnicos, psic\u00f3loga, nutricionista, fonoaudi\u00f3loga, assistentes sociais, fisioterapeutas e toda uma rede de funcion\u00e1rios que trabalham para que a Casa funcione a contento, como motorista, porteiros, cozinheiros, dentre outros. Por\u00e9m, mesmo com tantos profissionais atuando diariamente na Casa, a presen\u00e7a do volunt\u00e1rio \u00e9 fundamental. A visita de pessoas diferentes alegra o cora\u00e7\u00e3o dos idosos, muitos carentes da presen\u00e7a dos familiares.<br \/>\nDe acordo com Rafaela Santos, assistente social, \u00e9 importante poder contar com o maior n\u00famero de volunt\u00e1rios poss\u00edvel. Ele \u00e9 muito importante para melhorar a qualidade dos servi\u00e7os prestados. Para se tornar um volunt\u00e1rio \u00e9 preciso passar por um treinamento com a psic\u00f3loga e a assistente social. De forma simples, r\u00e1pida e objetiva, a pessoa j\u00e1 se torna apta a ser uma volunt\u00e1ria em diversas atividades, como trabalhos manuais, conversas, leituras, manicure, corte e pintura de cabelo por exemplo. \u201cO bom \u00e9 que quase todos os dias os idosos da Casa podem contar com a visita de pessoas que doam um pouco do seu dia para fazer o que sabem para tornar o dia do morador mais feliz\u201d, conta Rafaela Santos.<br \/>\nNo dia 28 de agosto, quarta-feira, a Casa vai comemorar a data homenageando os seus volunt\u00e1rios com festa.<\/p>\n","protected":false},"excerpt":{"rendered":"<p>Atualmente a Casa conta com 83 moradores, todos acompanhados pelos profissionais contratados pela Casa como geriatra, enfermeira e t\u00e9cnicos, psic\u00f3loga,&hellip;<\/p>\n","protected":false},"author":1,"featured_media":45471,"comment_status":"closed","ping_status":"open","sticky":false,"template":"","format":"standard","meta":{"footnotes":""},"categories":[14120],"tags":[2,15859],"class_list":["post-45470","post","type-post","status-publish","format-standard","has-post-thumbnail","hentry","category-noticias","tag-blog-do-edvaldo-magalhaes","tag-casa-dos-pobres-sao-francisco-de-assis-comemora-o-dia-dos-voluntarios"],"_links":{"self":[{"href":"https:\/\/blogdoedvaldomagalhaes.com.br\/index.php\/wp-json\/wp\/v2\/posts\/45470","targetHints":{"allow":["GET"]}}],"collection":[{"href":"https:\/\/blogdoedvaldomagalhaes.com.br\/index.php\/wp-json\/wp\/v2\/posts"}],"about":[{"href":"https:\/\/blogdoedvaldomagalhaes.com.br\/index.php\/wp-json\/wp\/v2\/types\/post"}],"author":[{"embeddable":true,"href":"https:\/\/blogdoedvaldomagalhaes.com.br\/index.php\/wp-json\/wp\/v2\/users\/1"}],"replies":[{"embeddable":true,"href":"https:\/\/blogdoedvaldomagalhaes.com.br\/index.php\/wp-json\/wp\/v2\/comments?post=45470"}],"version-history":[{"count":2,"href":"https:\/\/blogdoedvaldomagalhaes.com.br\/index.php\/wp-json\/wp\/v2\/posts\/45470\/revisions"}],"predecessor-version":[{"id":45473,"href":"https:\/\/blogdoedvaldomagalhaes.com.br\/index.php\/wp-json\/wp\/v2\/posts\/45470\/revisions\/45473"}],"wp:featuredmedia":[{"embeddable":true,"href":"https:\/\/blogdoedvaldomagalhaes.com.br\/index.php\/wp-json\/wp\/v2\/media\/45471"}],"wp:attachment":[{"href":"https:\/\/blogdoedvaldomagalhaes.com.br\/index.php\/wp-json\/wp\/v2\/media?parent=45470"}],"wp:term":[{"taxonomy":"category","embeddable":true,"href":"https:\/\/blogdoedvaldomagalhaes.com.br\/index.php\/wp-json\/wp\/v2\/categories?post=45470"},{"taxonomy":"post_tag","embeddable":true,"href":"https:\/\/blogdoedvaldomagalhaes.com.br\/index.php\/wp-json\/wp\/v2\/tags?post=45470"}],"curies":[{"name":"wp","href":"https:\/\/api.w.org\/{rel}","templated":true}]}}