{"id":45467,"date":"2019-08-20T12:56:50","date_gmt":"2019-08-20T15:56:50","guid":{"rendered":"http:\/\/blogdoedvaldomagalhaes.com.br\/?p=45467"},"modified":"2019-08-20T12:56:51","modified_gmt":"2019-08-20T15:56:51","slug":"vacinacao-antirrabica-em-caruaru-sabado-24","status":"publish","type":"post","link":"https:\/\/blogdoedvaldomagalhaes.com.br\/index.php\/2019\/08\/20\/vacinacao-antirrabica-em-caruaru-sabado-24\/","title":{"rendered":"Vacina\u00e7\u00e3o antirr\u00e1bica em Caruaru s\u00e1bado (24)"},"content":{"rendered":"<p style=\"text-align: justify;\"><span style=\"font-size: inherit;\">A\u00a0 Secretaria de Sa\u00fade de Caruaru, atrav\u00e9s da Vigil\u00e2ncia em Sa\u00fade, realiza no pr\u00f3ximo s\u00e1bado (24), das 8h \u00e0s 17h, uma a\u00e7\u00e3o de vacina\u00e7\u00e3o antirr\u00e1bica para c\u00e3es e gatos do munic\u00edpio. Nesta primeira etapa, ser\u00e3o vacinados apenas os animais da regi\u00e3o que teve registro de raiva de um animal silvestre (morcego).<\/span><\/p>\n<p style=\"text-align: justify;\">Ser\u00e3o contemplados os bairros: S\u00e3o Jo\u00e3o da Esc\u00f3cia, Salgado, Cedro, Morada Nova, Serran\u00f3polis, Rendeiras, Petr\u00f3polis, Vassoural, Agamenon Magalh\u00e3es, Jardim Liberdade, Inocoop, Ant\u00f4nio Liberato, Indian\u00f3polis e Santa Rosa. Os donos dos c\u00e3es e gatos devem comparecer aos locais indicados.<\/p>\n<p style=\"text-align: justify;\">O objetivo da campanha \u00e9 controlar a circula\u00e7\u00e3o do v\u00edrus da raiva canina e felina, prevenindo a raiva humana. A raiva \u00e9 uma doen\u00e7a viral e infecciosa, transmiss\u00edvel de animal para animal e de animal para o homem, por meio da saliva.<\/p>\n<p style=\"text-align: justify;\">A transmiss\u00e3o da raiva se d\u00e1 pela penetra\u00e7\u00e3o do v\u00edrus contido na saliva do animal infectado, principalmente pela mordedura, arranhadura e lambedura de mucosas. A vacina\u00e7\u00e3o \u00e9 gratuita e protege os animais contra a doen\u00e7a, que \u00e9 fatal.<\/p>\n<p style=\"text-align: justify;\">As outras regi\u00f5es da cidade ser\u00e3o contempladas t\u00e3o logo a Secretaria Estadual de Sa\u00fade disponibilize as vacinas.<\/p>\n","protected":false},"excerpt":{"rendered":"<p>A\u00a0 Secretaria de Sa\u00fade de Caruaru, atrav\u00e9s da Vigil\u00e2ncia em Sa\u00fade, realiza no pr\u00f3ximo s\u00e1bado (24), das 8h \u00e0s 17h,&hellip;<\/p>\n","protected":false},"author":1,"featured_media":45468,"comment_status":"closed","ping_status":"open","sticky":false,"template":"","format":"standard","meta":{"footnotes":""},"categories":[14120],"tags":[2,15858],"class_list":["post-45467","post","type-post","status-publish","format-standard","has-post-thumbnail","hentry","category-noticias","tag-blog-do-edvaldo-magalhaes","tag-vacinacao-antirrabica-em-caruaru-sabado-24"],"_links":{"self":[{"href":"https:\/\/blogdoedvaldomagalhaes.com.br\/index.php\/wp-json\/wp\/v2\/posts\/45467","targetHints":{"allow":["GET"]}}],"collection":[{"href":"https:\/\/blogdoedvaldomagalhaes.com.br\/index.php\/wp-json\/wp\/v2\/posts"}],"about":[{"href":"https:\/\/blogdoedvaldomagalhaes.com.br\/index.php\/wp-json\/wp\/v2\/types\/post"}],"author":[{"embeddable":true,"href":"https:\/\/blogdoedvaldomagalhaes.com.br\/index.php\/wp-json\/wp\/v2\/users\/1"}],"replies":[{"embeddable":true,"href":"https:\/\/blogdoedvaldomagalhaes.com.br\/index.php\/wp-json\/wp\/v2\/comments?post=45467"}],"version-history":[{"count":1,"href":"https:\/\/blogdoedvaldomagalhaes.com.br\/index.php\/wp-json\/wp\/v2\/posts\/45467\/revisions"}],"predecessor-version":[{"id":45469,"href":"https:\/\/blogdoedvaldomagalhaes.com.br\/index.php\/wp-json\/wp\/v2\/posts\/45467\/revisions\/45469"}],"wp:featuredmedia":[{"embeddable":true,"href":"https:\/\/blogdoedvaldomagalhaes.com.br\/index.php\/wp-json\/wp\/v2\/media\/45468"}],"wp:attachment":[{"href":"https:\/\/blogdoedvaldomagalhaes.com.br\/index.php\/wp-json\/wp\/v2\/media?parent=45467"}],"wp:term":[{"taxonomy":"category","embeddable":true,"href":"https:\/\/blogdoedvaldomagalhaes.com.br\/index.php\/wp-json\/wp\/v2\/categories?post=45467"},{"taxonomy":"post_tag","embeddable":true,"href":"https:\/\/blogdoedvaldomagalhaes.com.br\/index.php\/wp-json\/wp\/v2\/tags?post=45467"}],"curies":[{"name":"wp","href":"https:\/\/api.w.org\/{rel}","templated":true}]}}