{"id":45464,"date":"2019-08-20T12:49:36","date_gmt":"2019-08-20T15:49:36","guid":{"rendered":"http:\/\/blogdoedvaldomagalhaes.com.br\/?p=45464"},"modified":"2019-08-20T12:49:38","modified_gmt":"2019-08-20T15:49:38","slug":"governo-do-estado-cria-comissao-para-tratar-da-regulamentacao-do-transporte-intermunicipal-de-passageiros","status":"publish","type":"post","link":"https:\/\/blogdoedvaldomagalhaes.com.br\/index.php\/2019\/08\/20\/governo-do-estado-cria-comissao-para-tratar-da-regulamentacao-do-transporte-intermunicipal-de-passageiros\/","title":{"rendered":"Governo do Estado cria comiss\u00e3o para tratar da regulamenta\u00e7\u00e3o do transporte intermunicipal de passageiros"},"content":{"rendered":"<p style=\"text-align: justify;\">O Governo de Pernambuco instituiu uma comiss\u00e3o especial interdisciplinar para promover estudos, propostas e encaminhamentos referentes \u00e0 regulamenta\u00e7\u00e3o do transporte intermunicipal de passageiros. O trabalho ser\u00e1 coordenado pela Secretaria de Infraestrutura e Recursos H\u00eddricos e tamb\u00e9m contar\u00e1 com representantes da Empresa Pernambucana de Transporte Intermunicipal (EPTI), das secretarias de Desenvolvimento Social, Crian\u00e7a e Juventude e Planejamento e Gest\u00e3o, al\u00e9m da Procuradoria Geral do Estado. O trabalho ter\u00e1 dura\u00e7\u00e3o de quatro meses. O decreto instituindo a comiss\u00e3o foi publicado no Di\u00e1rio Oficial do Estado na \u00faltima segunda-feira (19\/8).<\/p>\n<p>A iniciativa \u00e9 motivada, sobretudo, a partir das altera\u00e7\u00f5es do Artigo 231 do C\u00f3digo de Tr\u00e2nsito Brasileiro \u2013 CTB, pela lei 13.855, sancionada pela Presid\u00eancia da Rep\u00fablica este ano. A mudan\u00e7a na legisla\u00e7\u00e3o determina que o transporte alternativo (\u00f4nibus ou van escolar sem autoriza\u00e7\u00e3o ou transporte remunerado de pessoas) passa a ser considerado como infra\u00e7\u00e3o grav\u00edssima, com multa e perda de sete pontos na Carteira Nacional de Habilita\u00e7\u00e3o. Al\u00e9m disso, est\u00e1 prevista a remo\u00e7\u00e3o do ve\u00edculo como medida administrativa.<\/p>\n<p>Com a conclus\u00e3o dos estudos, o Governo do Estado buscar\u00e1 assegurar, dentro da Lei, as regras necess\u00e1rias para garantir a regulamenta\u00e7\u00e3o do servi\u00e7o e, assim, possibilitar o trabalho e a gera\u00e7\u00e3o de renda para os operadores do transporte.<\/p>\n","protected":false},"excerpt":{"rendered":"<p>O Governo de Pernambuco instituiu uma comiss\u00e3o especial interdisciplinar para promover estudos, propostas e encaminhamentos referentes \u00e0 regulamenta\u00e7\u00e3o do transporte&hellip;<\/p>\n","protected":false},"author":1,"featured_media":45465,"comment_status":"closed","ping_status":"open","sticky":false,"template":"","format":"standard","meta":{"footnotes":""},"categories":[14120],"tags":[2,15857],"class_list":["post-45464","post","type-post","status-publish","format-standard","has-post-thumbnail","hentry","category-noticias","tag-blog-do-edvaldo-magalhaes","tag-governo-do-estado-cria-comissao-para-tratar-da-regulamentacao-do-transporte-intermunicipal-de-passageiros"],"_links":{"self":[{"href":"https:\/\/blogdoedvaldomagalhaes.com.br\/index.php\/wp-json\/wp\/v2\/posts\/45464","targetHints":{"allow":["GET"]}}],"collection":[{"href":"https:\/\/blogdoedvaldomagalhaes.com.br\/index.php\/wp-json\/wp\/v2\/posts"}],"about":[{"href":"https:\/\/blogdoedvaldomagalhaes.com.br\/index.php\/wp-json\/wp\/v2\/types\/post"}],"author":[{"embeddable":true,"href":"https:\/\/blogdoedvaldomagalhaes.com.br\/index.php\/wp-json\/wp\/v2\/users\/1"}],"replies":[{"embeddable":true,"href":"https:\/\/blogdoedvaldomagalhaes.com.br\/index.php\/wp-json\/wp\/v2\/comments?post=45464"}],"version-history":[{"count":1,"href":"https:\/\/blogdoedvaldomagalhaes.com.br\/index.php\/wp-json\/wp\/v2\/posts\/45464\/revisions"}],"predecessor-version":[{"id":45466,"href":"https:\/\/blogdoedvaldomagalhaes.com.br\/index.php\/wp-json\/wp\/v2\/posts\/45464\/revisions\/45466"}],"wp:featuredmedia":[{"embeddable":true,"href":"https:\/\/blogdoedvaldomagalhaes.com.br\/index.php\/wp-json\/wp\/v2\/media\/45465"}],"wp:attachment":[{"href":"https:\/\/blogdoedvaldomagalhaes.com.br\/index.php\/wp-json\/wp\/v2\/media?parent=45464"}],"wp:term":[{"taxonomy":"category","embeddable":true,"href":"https:\/\/blogdoedvaldomagalhaes.com.br\/index.php\/wp-json\/wp\/v2\/categories?post=45464"},{"taxonomy":"post_tag","embeddable":true,"href":"https:\/\/blogdoedvaldomagalhaes.com.br\/index.php\/wp-json\/wp\/v2\/tags?post=45464"}],"curies":[{"name":"wp","href":"https:\/\/api.w.org\/{rel}","templated":true}]}}