{"id":45461,"date":"2019-08-20T12:40:17","date_gmt":"2019-08-20T15:40:17","guid":{"rendered":"http:\/\/blogdoedvaldomagalhaes.com.br\/?p=45461"},"modified":"2019-08-20T12:40:19","modified_gmt":"2019-08-20T15:40:19","slug":"plenarias-para-elaboracao-da-loa-2020-chegam-a-zona-urbana-da-cidade","status":"publish","type":"post","link":"https:\/\/blogdoedvaldomagalhaes.com.br\/index.php\/2019\/08\/20\/plenarias-para-elaboracao-da-loa-2020-chegam-a-zona-urbana-da-cidade\/","title":{"rendered":"Plen\u00e1rias para elabora\u00e7\u00e3o da LOA 2020 chegam \u00e0 zona urbana da cidade"},"content":{"rendered":"<p style=\"text-align: justify;\">A Prefeitura de Caruaru, por meio da Secretaria de Planejamento, Or\u00e7amento e Gest\u00e3o (SEPLAG) e Secretaria de Governo (SEGOV), convidam a comunidade para participar da 5\u00ba Audi\u00eancia P\u00fablica para elabora\u00e7\u00e3o da Lei Or\u00e7ament\u00e1ria Anual do exerc\u00edcio de 2020, que ocorrer\u00e1 nesta ter\u00e7a (20), \u00e0s 19h, na Escola Municipal Jos\u00e9 Flor\u00eancio Le\u00e3o, localizada no bairro Nossa Senhora das Dores.<\/p>\n<p style=\"text-align: justify;\"><span style=\"font-style: inherit; font-weight: inherit;\">Participam da audi\u00eancia, moradores e lideran\u00e7as comunit\u00e1rias dos bairros Centen\u00e1rio, Divin\u00f3polis, Monte Bom Jesus, Nossa Senhora das Dores e S\u00e3o Francisco, membros das secretarias municipais, C\u00e2mara Municipal, autoridades de institui\u00e7\u00f5es p\u00fablicas e sociedade em geral.<\/span><\/p>\n","protected":false},"excerpt":{"rendered":"<p>A Prefeitura de Caruaru, por meio da Secretaria de Planejamento, Or\u00e7amento e Gest\u00e3o (SEPLAG) e Secretaria de Governo (SEGOV), convidam&hellip;<\/p>\n","protected":false},"author":1,"featured_media":45462,"comment_status":"closed","ping_status":"open","sticky":false,"template":"","format":"standard","meta":{"footnotes":""},"categories":[14120],"tags":[2,6,15856],"class_list":["post-45461","post","type-post","status-publish","format-standard","has-post-thumbnail","hentry","category-noticias","tag-blog-do-edvaldo-magalhaes","tag-noticias","tag-plenarias-para-elaboracao-da-loa-2020-chegam-a-zona-urbana-da-cidade"],"_links":{"self":[{"href":"https:\/\/blogdoedvaldomagalhaes.com.br\/index.php\/wp-json\/wp\/v2\/posts\/45461","targetHints":{"allow":["GET"]}}],"collection":[{"href":"https:\/\/blogdoedvaldomagalhaes.com.br\/index.php\/wp-json\/wp\/v2\/posts"}],"about":[{"href":"https:\/\/blogdoedvaldomagalhaes.com.br\/index.php\/wp-json\/wp\/v2\/types\/post"}],"author":[{"embeddable":true,"href":"https:\/\/blogdoedvaldomagalhaes.com.br\/index.php\/wp-json\/wp\/v2\/users\/1"}],"replies":[{"embeddable":true,"href":"https:\/\/blogdoedvaldomagalhaes.com.br\/index.php\/wp-json\/wp\/v2\/comments?post=45461"}],"version-history":[{"count":1,"href":"https:\/\/blogdoedvaldomagalhaes.com.br\/index.php\/wp-json\/wp\/v2\/posts\/45461\/revisions"}],"predecessor-version":[{"id":45463,"href":"https:\/\/blogdoedvaldomagalhaes.com.br\/index.php\/wp-json\/wp\/v2\/posts\/45461\/revisions\/45463"}],"wp:featuredmedia":[{"embeddable":true,"href":"https:\/\/blogdoedvaldomagalhaes.com.br\/index.php\/wp-json\/wp\/v2\/media\/45462"}],"wp:attachment":[{"href":"https:\/\/blogdoedvaldomagalhaes.com.br\/index.php\/wp-json\/wp\/v2\/media?parent=45461"}],"wp:term":[{"taxonomy":"category","embeddable":true,"href":"https:\/\/blogdoedvaldomagalhaes.com.br\/index.php\/wp-json\/wp\/v2\/categories?post=45461"},{"taxonomy":"post_tag","embeddable":true,"href":"https:\/\/blogdoedvaldomagalhaes.com.br\/index.php\/wp-json\/wp\/v2\/tags?post=45461"}],"curies":[{"name":"wp","href":"https:\/\/api.w.org\/{rel}","templated":true}]}}