{"id":45458,"date":"2019-08-20T12:34:32","date_gmt":"2019-08-20T15:34:32","guid":{"rendered":"http:\/\/blogdoedvaldomagalhaes.com.br\/?p=45458"},"modified":"2019-08-20T12:34:36","modified_gmt":"2019-08-20T15:34:36","slug":"15a-feira-de-noivas-do-agreste-tem-programacao-especial-confira","status":"publish","type":"post","link":"https:\/\/blogdoedvaldomagalhaes.com.br\/index.php\/2019\/08\/20\/15a-feira-de-noivas-do-agreste-tem-programacao-especial-confira\/","title":{"rendered":"15\u00aa Feira de Noivas do Agreste tem programa\u00e7\u00e3o especial; Confira"},"content":{"rendered":"<p style=\"text-align: justify;\">O Caruaru Shopping sediar\u00e1, de 22 a 25 de agosto, a d\u00e9cima quinta edi\u00e7\u00e3o da Feira de Noivas do Agreste. O evento acontecer\u00e1 no Pavilh\u00e3o de Eventos (piso superior), das 10h \u00e0s 22h, da quinta ao s\u00e1bado, e das 11h \u00e0s 21h, no domingo. A entrada \u00e9 gratuita.<\/p>\n<p style=\"text-align: justify;\">Este ano, a feira comemora 15 anos e traz uma programa\u00e7\u00e3o especial para festejar a data. Na quinta, abertura do evento, haver\u00e1 coquetel, \u00e0s 19h, para convidados. Para a ocasi\u00e3o est\u00e3o programadas homenagens, bem como um document\u00e1rio sobre os 15 anos da feira e um show room de noivas. A anima\u00e7\u00e3o ficar\u00e1 por conta da apresenta\u00e7\u00e3o da Orquestra Real.<\/p>\n<p style=\"text-align: justify;\">Na sexta, o p\u00fablico poder\u00e1 conferir desfiles de lingerie e moda festa, al\u00e9m<br \/>\nde show room de vestidos de noivas. Palestras e diversas apresenta\u00e7\u00f5es musicais tamb\u00e9m fazem parte da programa\u00e7\u00e3o.<\/p>\n<p style=\"text-align: justify;\">Desfiles de noivas, de ternos e madrinhas fazem parte da programa\u00e7\u00e3o do s\u00e1bado. \u201cOs desfiles ter\u00e3o assinatura de v\u00e1rios estilistas, entre eles, Aub\u00e9rio, do Recife. Na passarela estar\u00e3o v\u00e1rios modelos feitos com renascen\u00e7a\u201d, adiantou Cleide Santos, promotora do evento. Apresenta\u00e7\u00f5es de m\u00fasicas e<br \/>\npalestras tamb\u00e9m acontecer\u00e3o nesse dia.<\/p>\n<p style=\"text-align: justify;\">O \u00faltimo dia da feira, o domingo, iniciar\u00e1 com apresenta\u00e7\u00f5es musicais, a partir das 12h. Desfile infantil (pajens e daminhas), show room, desfiles de noivas e lingerie completam a programa\u00e7\u00e3o.<\/p>\n<p style=\"text-align: justify;\">De acordo com Cleide, uma limusine tamb\u00e9m estar\u00e1 na feira como opcional para as noivas. \u201cEstaremos oferecendo tudo o que a noiva precisa para tornar esse dia inesquec\u00edvel.\u201d<\/p>\n<p style=\"text-align: justify;\">15 anos de sucesso<\/p>\n<p style=\"text-align: justify;\">Cleide Santos chega a 15 edi\u00e7\u00f5es tendo muito o que comemorar. \u201cCome\u00e7amos a feira com apenas 18 expositores e, nessa edi\u00e7\u00e3o dos 15 anos, estamos com mais de 200 expositores (de Pernambuco e estados vizinhos), em diversos segmentos, como decora\u00e7\u00e3o, bolos e doces, m\u00fasica, convites, buffet, cabeleireiro e maquiagem, fotografia, filmagem, lembrancinhas, entre outros\u201d, festejou.<\/p>\n<p style=\"text-align: justify;\">O espa\u00e7o onde vai acontecer a Feira de Noivas do Agreste tem 10 mil metros quadrados, \u00e1rea climatizada e toda com carpete. Durante o evento, o p\u00fablico ter\u00e1 valores diferenciados. \u201cSem d\u00favidas \u00e9 uma grande oportunidade para quem vai casar, pois vai encontrar, em um s\u00f3 lugar, tudo o que precisa para o grande dia. O trabalho da noiva ser\u00e1 apenas jogar o buqu\u00ea\u201d, finalizou Cleide Santos.<\/p>\n<p style=\"text-align: justify;\">O Caruaru Shopping est\u00e1 localizado na Avenida Adjar da Silva Cas\u00e9, 800, Bairro Indian\u00f3polis.<\/p>\n","protected":false},"excerpt":{"rendered":"<p>O Caruaru Shopping sediar\u00e1, de 22 a 25 de agosto, a d\u00e9cima quinta edi\u00e7\u00e3o da Feira de Noivas do Agreste.&hellip;<\/p>\n","protected":false},"author":1,"featured_media":45459,"comment_status":"closed","ping_status":"open","sticky":false,"template":"","format":"standard","meta":{"footnotes":""},"categories":[14120],"tags":[15855,2,5935,8984,1950],"class_list":["post-45458","post","type-post","status-publish","format-standard","has-post-thumbnail","hentry","category-noticias","tag-15a-feira-de-noivas-do-agreste-tem-programacao-especial-confira","tag-blog-do-edvaldo-magalhaes","tag-caruaru-shopping","tag-cleide-santos","tag-noticias-de-caruaru"],"_links":{"self":[{"href":"https:\/\/blogdoedvaldomagalhaes.com.br\/index.php\/wp-json\/wp\/v2\/posts\/45458","targetHints":{"allow":["GET"]}}],"collection":[{"href":"https:\/\/blogdoedvaldomagalhaes.com.br\/index.php\/wp-json\/wp\/v2\/posts"}],"about":[{"href":"https:\/\/blogdoedvaldomagalhaes.com.br\/index.php\/wp-json\/wp\/v2\/types\/post"}],"author":[{"embeddable":true,"href":"https:\/\/blogdoedvaldomagalhaes.com.br\/index.php\/wp-json\/wp\/v2\/users\/1"}],"replies":[{"embeddable":true,"href":"https:\/\/blogdoedvaldomagalhaes.com.br\/index.php\/wp-json\/wp\/v2\/comments?post=45458"}],"version-history":[{"count":1,"href":"https:\/\/blogdoedvaldomagalhaes.com.br\/index.php\/wp-json\/wp\/v2\/posts\/45458\/revisions"}],"predecessor-version":[{"id":45460,"href":"https:\/\/blogdoedvaldomagalhaes.com.br\/index.php\/wp-json\/wp\/v2\/posts\/45458\/revisions\/45460"}],"wp:featuredmedia":[{"embeddable":true,"href":"https:\/\/blogdoedvaldomagalhaes.com.br\/index.php\/wp-json\/wp\/v2\/media\/45459"}],"wp:attachment":[{"href":"https:\/\/blogdoedvaldomagalhaes.com.br\/index.php\/wp-json\/wp\/v2\/media?parent=45458"}],"wp:term":[{"taxonomy":"category","embeddable":true,"href":"https:\/\/blogdoedvaldomagalhaes.com.br\/index.php\/wp-json\/wp\/v2\/categories?post=45458"},{"taxonomy":"post_tag","embeddable":true,"href":"https:\/\/blogdoedvaldomagalhaes.com.br\/index.php\/wp-json\/wp\/v2\/tags?post=45458"}],"curies":[{"name":"wp","href":"https:\/\/api.w.org\/{rel}","templated":true}]}}