{"id":45454,"date":"2019-08-19T21:46:35","date_gmt":"2019-08-20T00:46:35","guid":{"rendered":"http:\/\/blogdoedvaldomagalhaes.com.br\/?p=45454"},"modified":"2019-08-19T21:46:38","modified_gmt":"2019-08-20T00:46:38","slug":"sarampo-criancas-de-seis-a-onze-meses-devem-ser-vacinadas-esta-semana","status":"publish","type":"post","link":"https:\/\/blogdoedvaldomagalhaes.com.br\/index.php\/2019\/08\/19\/sarampo-criancas-de-seis-a-onze-meses-devem-ser-vacinadas-esta-semana\/","title":{"rendered":"Sarampo: crian\u00e7as de seis a onze meses devem ser vacinadas esta semana"},"content":{"rendered":"<p><span style=\"font-size: inherit;\">Medida leva em considera\u00e7\u00e3o os casos suspeitos em Pernambuco e dois confirmados em Caruaru.<\/span><\/p>\n<p>Ap\u00f3s decis\u00e3o do Programa Estadual de Imuniza\u00e7\u00e3o de Pernambuco, a Secretaria de Sa\u00fade de Caruaru convoca os pais ou respons\u00e1veis de crian\u00e7as na faixa et\u00e1ria de seis a 11 meses e 29 dias a levarem seus filhos a unidade b\u00e1sica de sa\u00fade mais pr\u00f3xima da resid\u00eancia para a administra\u00e7\u00e3o de uma dose da vacina tr\u00edplice viral.<\/p>\n<p>A vacina\u00e7\u00e3o para crian\u00e7as menores de um ano tem por objetivo o aumento da prote\u00e7\u00e3o da popula\u00e7\u00e3o suscet\u00edvel e diminuir a possibilidade da ocorr\u00eancia de novos casos de sarampo em Pernambuco.<\/p>\n<p>Durante toda esta semana a vacina\u00e7\u00e3o ser\u00e1 priorit\u00e1ria para este grupo. \u00c9 importante esclarecer que a dose administrada da vacina tr\u00edplice viral nesta faixa et\u00e1ria n\u00e3o \u00e9 considerada v\u00e1lida para fins do calend\u00e1rio b\u00e1sico de imuniza\u00e7\u00e3o da crian\u00e7a, sendo necess\u00e1ria, a aplica\u00e7\u00e3o das duas doses com um ano (1\u00aa dose) e com um ano e tr\u00eas meses (2\u00aa dose).<\/p>\n<p>\u00c9 importante lembrar que quem j\u00e1 tomou as duas doses da vacina, pelo menos uma vez na vida, est\u00e1 imune e n\u00e3o precisa tomar a vacina novamente.<\/p>\n<p>O alvo priorit\u00e1rio do refor\u00e7o da vacina devem ser as crian\u00e7as menores de cinco anos. Para adultos, com at\u00e9 29 anos, \u00e9 necess\u00e1rio apresentar duas doses da vacina tr\u00edplice viral; at\u00e9 49 anos, \u00e9 preciso apresentar, pelo menos, uma dose da vacina.<\/p>\n<p>Caruaru possui 62 salas de vacinas que funcionam de segunda a sexta-feira, das 7h30 \u00e0s 12h e de 13h \u00e0s 16h30. Para receber a imuniza\u00e7\u00e3o \u00e9 preciso levar um documento de identidade, cart\u00e3o do SUS, cart\u00e3o de vacina e comprovante de resid\u00eancia.<\/p>\n","protected":false},"excerpt":{"rendered":"<p>Medida leva em considera\u00e7\u00e3o os casos suspeitos em Pernambuco e dois confirmados em Caruaru. Ap\u00f3s decis\u00e3o do Programa Estadual de&hellip;<\/p>\n","protected":false},"author":1,"featured_media":45455,"comment_status":"closed","ping_status":"open","sticky":false,"template":"","format":"standard","meta":{"footnotes":""},"categories":[14120],"tags":[2,15854],"class_list":["post-45454","post","type-post","status-publish","format-standard","has-post-thumbnail","hentry","category-noticias","tag-blog-do-edvaldo-magalhaes","tag-sarampo-criancas-de-seis-a-onze-meses-devem-ser-vacinadas-esta-semana"],"_links":{"self":[{"href":"https:\/\/blogdoedvaldomagalhaes.com.br\/index.php\/wp-json\/wp\/v2\/posts\/45454","targetHints":{"allow":["GET"]}}],"collection":[{"href":"https:\/\/blogdoedvaldomagalhaes.com.br\/index.php\/wp-json\/wp\/v2\/posts"}],"about":[{"href":"https:\/\/blogdoedvaldomagalhaes.com.br\/index.php\/wp-json\/wp\/v2\/types\/post"}],"author":[{"embeddable":true,"href":"https:\/\/blogdoedvaldomagalhaes.com.br\/index.php\/wp-json\/wp\/v2\/users\/1"}],"replies":[{"embeddable":true,"href":"https:\/\/blogdoedvaldomagalhaes.com.br\/index.php\/wp-json\/wp\/v2\/comments?post=45454"}],"version-history":[{"count":1,"href":"https:\/\/blogdoedvaldomagalhaes.com.br\/index.php\/wp-json\/wp\/v2\/posts\/45454\/revisions"}],"predecessor-version":[{"id":45456,"href":"https:\/\/blogdoedvaldomagalhaes.com.br\/index.php\/wp-json\/wp\/v2\/posts\/45454\/revisions\/45456"}],"wp:featuredmedia":[{"embeddable":true,"href":"https:\/\/blogdoedvaldomagalhaes.com.br\/index.php\/wp-json\/wp\/v2\/media\/45455"}],"wp:attachment":[{"href":"https:\/\/blogdoedvaldomagalhaes.com.br\/index.php\/wp-json\/wp\/v2\/media?parent=45454"}],"wp:term":[{"taxonomy":"category","embeddable":true,"href":"https:\/\/blogdoedvaldomagalhaes.com.br\/index.php\/wp-json\/wp\/v2\/categories?post=45454"},{"taxonomy":"post_tag","embeddable":true,"href":"https:\/\/blogdoedvaldomagalhaes.com.br\/index.php\/wp-json\/wp\/v2\/tags?post=45454"}],"curies":[{"name":"wp","href":"https:\/\/api.w.org\/{rel}","templated":true}]}}