{"id":45451,"date":"2019-08-19T20:10:38","date_gmt":"2019-08-19T23:10:38","guid":{"rendered":"http:\/\/blogdoedvaldomagalhaes.com.br\/?p=45451"},"modified":"2019-08-19T20:10:40","modified_gmt":"2019-08-19T23:10:40","slug":"prefeitura-de-caruaru-lanca-selecao-com-670-vagas-para-a-sdsdh","status":"publish","type":"post","link":"https:\/\/blogdoedvaldomagalhaes.com.br\/index.php\/2019\/08\/19\/prefeitura-de-caruaru-lanca-selecao-com-670-vagas-para-a-sdsdh\/","title":{"rendered":"Prefeitura de Caruaru lan\u00e7a sele\u00e7\u00e3o com 670 vagas para a SDSDH"},"content":{"rendered":"<p style=\"text-align: justify;\"><span style=\"font-size: inherit;\">A Prefeitura de Caruaru deu in\u00edcio a mais uma sele\u00e7\u00e3o simplificada. Ser\u00e3o 670 vagas para a Secretaria de Desenvolvimento Social e Direitos Humanos (SDSDH), dando oportunidade para os candidatos de n\u00edvel fundamental (204), m\u00e9dio (300) e superior (166).<\/span><\/p>\n<p style=\"text-align: justify;\">As etapas do processo variam de acordo com o n\u00edvel das vagas pleiteadas. No caso dos cargos de n\u00edvel superior e m\u00e9dio, a sele\u00e7\u00e3o ser\u00e1 realizada por meio de prova on-line, prova escrita e an\u00e1lise de t\u00edtulo. J\u00e1 para os candidatos de n\u00edvel fundamental, o processo ter\u00e1 fase \u00fanica, de an\u00e1lise curricular.<\/p>\n<p style=\"text-align: justify;\">Todas as informa\u00e7\u00f5es sobre o processo seletivo est\u00e3o dispon\u00edveis no edital, no site www.selecoes.caruaru.pe.gov.br.<\/p>\n","protected":false},"excerpt":{"rendered":"<p>A Prefeitura de Caruaru deu in\u00edcio a mais uma sele\u00e7\u00e3o simplificada. Ser\u00e3o 670 vagas para a Secretaria de Desenvolvimento Social&hellip;<\/p>\n","protected":false},"author":1,"featured_media":45452,"comment_status":"closed","ping_status":"open","sticky":false,"template":"","format":"standard","meta":{"footnotes":""},"categories":[14120],"tags":[2,15853],"class_list":["post-45451","post","type-post","status-publish","format-standard","has-post-thumbnail","hentry","category-noticias","tag-blog-do-edvaldo-magalhaes","tag-prefeitura-de-caruaru-lanca-selecao-com-670-vagas-para-a-sdsdh"],"_links":{"self":[{"href":"https:\/\/blogdoedvaldomagalhaes.com.br\/index.php\/wp-json\/wp\/v2\/posts\/45451","targetHints":{"allow":["GET"]}}],"collection":[{"href":"https:\/\/blogdoedvaldomagalhaes.com.br\/index.php\/wp-json\/wp\/v2\/posts"}],"about":[{"href":"https:\/\/blogdoedvaldomagalhaes.com.br\/index.php\/wp-json\/wp\/v2\/types\/post"}],"author":[{"embeddable":true,"href":"https:\/\/blogdoedvaldomagalhaes.com.br\/index.php\/wp-json\/wp\/v2\/users\/1"}],"replies":[{"embeddable":true,"href":"https:\/\/blogdoedvaldomagalhaes.com.br\/index.php\/wp-json\/wp\/v2\/comments?post=45451"}],"version-history":[{"count":1,"href":"https:\/\/blogdoedvaldomagalhaes.com.br\/index.php\/wp-json\/wp\/v2\/posts\/45451\/revisions"}],"predecessor-version":[{"id":45453,"href":"https:\/\/blogdoedvaldomagalhaes.com.br\/index.php\/wp-json\/wp\/v2\/posts\/45451\/revisions\/45453"}],"wp:featuredmedia":[{"embeddable":true,"href":"https:\/\/blogdoedvaldomagalhaes.com.br\/index.php\/wp-json\/wp\/v2\/media\/45452"}],"wp:attachment":[{"href":"https:\/\/blogdoedvaldomagalhaes.com.br\/index.php\/wp-json\/wp\/v2\/media?parent=45451"}],"wp:term":[{"taxonomy":"category","embeddable":true,"href":"https:\/\/blogdoedvaldomagalhaes.com.br\/index.php\/wp-json\/wp\/v2\/categories?post=45451"},{"taxonomy":"post_tag","embeddable":true,"href":"https:\/\/blogdoedvaldomagalhaes.com.br\/index.php\/wp-json\/wp\/v2\/tags?post=45451"}],"curies":[{"name":"wp","href":"https:\/\/api.w.org\/{rel}","templated":true}]}}