{"id":4545,"date":"2017-09-26T16:00:00","date_gmt":"2017-09-26T19:00:00","guid":{"rendered":"http:\/\/blogdoedvaldomagalhaes.com.br\/index.php\/2017\/09\/26\/confira-programacao-da-festa-de-nossa_26\/"},"modified":"2019-02-09T01:45:50","modified_gmt":"2019-02-09T03:45:50","slug":"confira-programacao-da-festa-de-nossa_26","status":"publish","type":"post","link":"https:\/\/blogdoedvaldomagalhaes.com.br\/index.php\/2017\/09\/26\/confira-programacao-da-festa-de-nossa_26\/","title":{"rendered":"Confira a programa\u00e7\u00e3o da Festa de Nossa Senhora do Ros\u00e1rio que come\u00e7a s\u00e1bado (30)"},"content":{"rendered":"<div class=\"MsoNormal\" style=\"background: white; line-height: normal; margin-bottom: 0cm; text-align: justify;\">\n<div class=\"separator\" style=\"clear: both; text-align: center;\">\n<a href=\"https:\/\/1.bp.blogspot.com\/-fDqrjMTVtao\/Wcp5TddqLtI\/AAAAAAAAfkg\/Rz9ZEY3LW1kMECgfZZEksWcwPz4BFcarQCLcBGAs\/s1600\/igfreja.jpg\" imageanchor=\"1\" style=\"margin-left: 1em; margin-right: 1em;\"><img loading=\"lazy\" decoding=\"async\" border=\"0\" data-original-height=\"225\" data-original-width=\"300\" height=\"300\" src=\"http:\/\/blogdoedvaldomagalhaes.com.br\/wp-content\/uploads\/2017\/09\/igfreja.jpg\" width=\"400\" \/><\/a><\/div>\n<div class=\"separator\" style=\"clear: both; text-align: center;\">\nFoto ilustrativa<\/div>\n<p>\nCome\u00e7a neste s\u00e1bado (30) a festa de Nossa Senhora do Ros\u00e1rio, em Caruaru, no Agreste de Pernambuco. O evento ser\u00e1 realizado at\u00e9 o dia 8 de outubro, na Matriz da padroeira. Esse ano ter\u00e1 o tema \u201cSanta Maria, M\u00e3e de Deus e nossa M\u00e3e, rogai por n\u00f3s! \u201d.<\/div>\n<div class=\"MsoNormal\" style=\"background: white; line-height: normal; margin-bottom: 0cm; text-align: justify;\">\nAl\u00e9m de evangeliza\u00e7\u00e3o cat\u00f3lica, o evento pretende arrecadar verbas para reformas e despesas com obras sociais e mission\u00e1rias.<\/div>\n<div class=\"MsoNormal\" style=\"background: white; line-height: normal; margin-bottom: 0cm; text-align: justify;\">\nA festa ter\u00e1 celebra\u00e7\u00f5es eucar\u00edsticas, apresenta\u00e7\u00f5es art\u00edstico-religiosas, quermesse e sorteio de brindes todas as noites.<\/div>\n<div class=\"MsoNormal\" style=\"background: white; line-height: normal; margin-bottom: 0cm; text-align: justify;\">\n<\/div>\n<div class=\"MsoNormal\" style=\"background: white; line-height: normal; margin-bottom: 0cm; text-align: justify;\">\n<b>PROGRAMA\u00c7\u00c3O:<\/b><\/div>\n<div class=\"MsoNormal\" style=\"background: white; line-height: normal; margin-bottom: 0cm; text-align: justify;\">\n<b>S\u00e1bado 30\/09\/2017<\/b><\/div>\n<div class=\"MsoNormal\" style=\"background: white; line-height: normal; margin-bottom: 0cm; text-align: justify;\">\n7h Of\u00edcio de Nossa Senhora<\/div>\n<div class=\"MsoNormal\" style=\"background: white; line-height: normal; margin-bottom: 0cm; text-align: justify;\">\n19h Prociss\u00e3o da Bandeira saindo da&nbsp;<a href=\"https:\/\/maps.google.com\/?q=Rua+Presidente+Afonso+Pena,+n%C2%BA+181,+Caruaru+%E2%80%93PE&amp;entry=gmail&amp;source=g\">Rua Presidente Afonso Pena, n\u00ba 181, Caruaru \u2013PE<\/a><\/div>\n<div class=\"MsoNormal\" style=\"background: white; line-height: normal; margin-bottom: 0cm; text-align: justify;\">\n19h30 Missa: Pe. Roberto Ribeiro<\/div>\n<div class=\"MsoNormal\" style=\"background: white; line-height: normal; margin-bottom: 0cm; text-align: justify;\">\nCoral: EAC<\/div>\n<div class=\"MsoNormal\" style=\"background: white; line-height: normal; margin-bottom: 0cm; text-align: justify;\">\nNoiteiros: Pastoral do D\u00edzimo, EJC, Pastoral do Batismo, EAC.<\/div>\n<div class=\"MsoNormal\" style=\"background: white; line-height: normal; margin-bottom: 0cm; text-align: justify;\">\nAtra\u00e7\u00e3o: Jesus Misericordioso.<\/div>\n<div class=\"MsoNormal\" style=\"background: white; line-height: normal; margin-bottom: 0cm; text-align: justify;\">\n<\/div>\n<div class=\"MsoNormal\" style=\"background: white; line-height: normal; margin-bottom: 0cm; text-align: justify;\">\n<b>Domingo 01\/10\/2017<\/b><\/div>\n<div class=\"MsoNormal\" style=\"background: white; line-height: normal; margin-bottom: 0cm; text-align: justify;\">\n7h Of\u00edcio de Nossa Senhora<\/div>\n<div class=\"MsoNormal\" style=\"background: white; line-height: normal; margin-bottom: 0cm; text-align: justify;\">\n7h30 Missa: Pe. Bartolomeu F. Lima<\/div>\n<div class=\"MsoNormal\" style=\"background: white; line-height: normal; margin-bottom: 0cm; text-align: justify;\">\nCoral: Estrela da Manh\u00e3<\/div>\n<div class=\"MsoNormal\" style=\"background: white; line-height: normal; margin-bottom: 0cm; text-align: justify;\">\n19h Medita\u00e7\u00e3o do Ter\u00e7o<\/div>\n<div class=\"MsoNormal\" style=\"background: white; line-height: normal; margin-bottom: 0cm; text-align: justify;\">\n19h30 Missa: Frei Vieira<\/div>\n<div class=\"MsoNormal\" style=\"background: white; line-height: normal; margin-bottom: 0cm; text-align: justify;\">\nCoral: Estrela da Manh\u00e3<\/div>\n<div class=\"MsoNormal\" style=\"background: white; line-height: normal; margin-bottom: 0cm; text-align: justify;\">\nNoiteiros: Pastoral da Fam\u00edlia e Ordem Terceira Franciscana Secular, Escola de Medita\u00e7\u00e3o e Pastoral da Fraternidade.<\/div>\n<div class=\"MsoNormal\" style=\"background: white; line-height: normal; margin-bottom: 0cm; text-align: justify;\">\nAtra\u00e7\u00e3o: Bandinha do EAC<\/div>\n<div class=\"MsoNormal\" style=\"background: white; line-height: normal; margin-bottom: 0cm; text-align: justify;\">\n<\/div>\n<div class=\"MsoNormal\" style=\"background: white; line-height: normal; margin-bottom: 0cm; text-align: justify;\">\n<\/div>\n<div class=\"MsoNormal\" style=\"background: white; line-height: normal; margin-bottom: 0cm; text-align: justify;\">\n<b>Segunda 02\/10\/2017<\/b><\/div>\n<div class=\"MsoNormal\" style=\"background: white; line-height: normal; margin-bottom: 0cm; text-align: justify;\">\n7h Of\u00edcio de Nossa Senhora<\/div>\n<div class=\"MsoNormal\" style=\"background: white; line-height: normal; margin-bottom: 0cm; text-align: justify;\">\n19h Medita\u00e7\u00e3o do Ter\u00e7o<\/div>\n<div class=\"MsoNormal\" style=\"background: white; line-height: normal; margin-bottom: 0cm; text-align: justify;\">\n19h30 Missa: Pe. Francisco Xavier Ribeiro<\/div>\n<div class=\"MsoNormal\" style=\"background: white; line-height: normal; margin-bottom: 0cm; text-align: justify;\">\nCoral: Elias e Juliana<\/div>\n<div class=\"MsoNormal\" style=\"background: white; line-height: normal; margin-bottom: 0cm; text-align: justify;\">\nNoiteiros: Confer\u00eancias Vicentinas, Coroinhas, Cen\u00e1culo da Gra\u00e7a e Comunidade N. Sr\u00aa Aparecida \u2013 Agreste de Pau Santo.<\/div>\n<div class=\"MsoNormal\" style=\"background: white; line-height: normal; margin-bottom: 0cm; text-align: justify;\">\nAtra\u00e7\u00e3o: Os Bo\u00eamios<\/div>\n<div class=\"MsoNormal\" style=\"background: white; line-height: normal; margin-bottom: 0cm; text-align: justify;\">\n<\/div>\n<div class=\"MsoNormal\" style=\"background: white; line-height: normal; margin-bottom: 0cm; text-align: justify;\">\n<b>Ter\u00e7a 03\/10\/2017<\/b><\/div>\n<div class=\"MsoNormal\" style=\"background: white; line-height: normal; margin-bottom: 0cm; text-align: justify;\">\n7h Of\u00edcio de Nossa Senhora<\/div>\n<div class=\"MsoNormal\" style=\"background: white; line-height: normal; margin-bottom: 0cm; text-align: justify;\">\n19h Medita\u00e7\u00e3o do Ter\u00e7o<\/div>\n<div class=\"MsoNormal\" style=\"background: white; line-height: normal; margin-bottom: 0cm; text-align: justify;\">\n19h30 Missa: Pe. Sandro Sebasti\u00e3o<\/div>\n<div class=\"MsoNormal\" style=\"background: white; line-height: normal; margin-bottom: 0cm; text-align: justify;\">\nCoral: Despertal<\/div>\n<div class=\"MsoNormal\" style=\"background: white; line-height: normal; margin-bottom: 0cm; text-align: justify;\">\nNoiteiros: Escolas, Pastoral da Crian\u00e7a e Oficina de Ora\u00e7\u00e3o<\/div>\n<div class=\"MsoNormal\" style=\"background: white; line-height: normal; margin-bottom: 0cm; text-align: justify;\">\nAtra\u00e7\u00e3o: Comunidade Cat\u00f3lica Restaura\u00e7\u00e3o<\/div>\n<div class=\"MsoNormal\" style=\"background: white; line-height: normal; margin-bottom: 0cm; text-align: justify;\">\n<\/div>\n<div class=\"MsoNormal\" style=\"background: white; line-height: normal; margin-bottom: 0cm; text-align: justify;\">\n<b>Quarta 04\/10\/2017<\/b><\/div>\n<div class=\"MsoNormal\" style=\"background: white; line-height: normal; margin-bottom: 0cm; text-align: justify;\">\n7h Of\u00edcio de Nossa Senhora<\/div>\n<div class=\"MsoNormal\" style=\"background: white; line-height: normal; margin-bottom: 0cm; text-align: justify;\">\n19h Medita\u00e7\u00e3o do Ter\u00e7o<\/div>\n<div class=\"MsoNormal\" style=\"background: white; line-height: normal; margin-bottom: 0cm; text-align: justify;\">\n19h30 Missa: Pe. Bartolomeu F. Lima<\/div>\n<div class=\"MsoNormal\" style=\"background: white; line-height: normal; margin-bottom: 0cm; text-align: justify;\">\nCoral: Filhos de Maria<\/div>\n<div class=\"MsoNormal\" style=\"background: white; line-height: normal; margin-bottom: 0cm; text-align: justify;\">\nNoiteiros: Ministros Extraordin\u00e1rio da Comunh\u00e3o Eucar\u00edstica, Rede Feminina de Combate ao C\u00e2ncer, Rua Mestre Tota, Rua 1\u00ba de Maio, Rua Afonso Pena e Equipes de Nossa Senhora.<\/div>\n<div class=\"MsoNormal\" style=\"background: white; line-height: normal; margin-bottom: 0cm; text-align: justify;\">\nAtra\u00e7\u00e3o: Di\u00e1cono Gen\u00ea<\/div>\n<div class=\"MsoNormal\" style=\"background: white; line-height: normal; margin-bottom: 0cm; text-align: justify;\">\n<\/div>\n<div class=\"MsoNormal\" style=\"background: white; line-height: normal; margin-bottom: 0cm; text-align: justify;\">\n<b>Quinta 05\/10\/1017<\/b><\/div>\n<div class=\"MsoNormal\" style=\"background: white; line-height: normal; margin-bottom: 0cm; text-align: justify;\">\nOf\u00edcio de Nossa Senhora<\/div>\n<div class=\"MsoNormal\" style=\"background: white; line-height: normal; margin-bottom: 0cm; text-align: justify;\">\n<b>Adora\u00e7\u00e3o ao Sant\u00edssimo Sacramento at\u00e9 12:00<\/b><\/div>\n<div class=\"MsoNormal\" style=\"background: white; line-height: normal; margin-bottom: 0cm; text-align: justify;\">\n19h Medita\u00e7\u00e3o do Ter\u00e7o<\/div>\n<div class=\"MsoNormal\" style=\"background: white; line-height: normal; margin-bottom: 0cm; text-align: justify;\">\n19h30 Missa: Pe. Carlos Augusto Nascimento<\/div>\n<div class=\"MsoNormal\" style=\"background: white; line-height: normal; margin-bottom: 0cm; text-align: justify;\">\nCoral: Can\u00e7\u00e3o do Esp\u00edrito<\/div>\n<div class=\"MsoNormal\" style=\"background: white; line-height: normal; margin-bottom: 0cm; text-align: justify;\">\nNoiteiros: Ter\u00e7o dos Homens, Mov. M\u00e3e Rainha e Catequese de Primeira Eucaristia.<\/div>\n<div class=\"MsoNormal\" style=\"background: white; line-height: normal; margin-bottom: 0cm; text-align: justify;\">\nAtra\u00e7\u00e3o: Bandinha do EJC<\/div>\n<div class=\"MsoNormal\" style=\"background: white; line-height: normal; margin-bottom: 0cm; text-align: justify;\">\n<\/div>\n<div class=\"MsoNormal\" style=\"background: white; line-height: normal; margin-bottom: 0cm; text-align: justify;\">\n<b>Sexta: 06\/10\/2017<\/b><\/div>\n<div class=\"MsoNormal\" style=\"background: white; line-height: normal; margin-bottom: 0cm; text-align: justify;\">\n7h Of\u00edcio de Nossa Senhora<\/div>\n<div class=\"MsoNormal\" style=\"background: white; line-height: normal; margin-bottom: 0cm; text-align: justify;\">\n19h Medita\u00e7\u00e3o do Ter\u00e7o<\/div>\n<div class=\"MsoNormal\" style=\"background: white; line-height: normal; margin-bottom: 0cm; text-align: justify;\">\n19y30 Missa: Pe. Osvaldo Cunha<\/div>\n<div class=\"MsoNormal\" style=\"background: white; line-height: normal; margin-bottom: 0cm; text-align: justify;\">\nCoral: EJC<\/div>\n<div class=\"MsoNormal\" style=\"background: white; line-height: normal; margin-bottom: 0cm; text-align: justify;\">\nNoiteiros: ECC, Pastoral da Acolhida, Apostolado da Ora\u00e7\u00e3o e Catequese de Crisma.<\/div>\n<div class=\"MsoNormal\" style=\"background: white; line-height: normal; margin-bottom: 0cm; text-align: justify;\">\nAtra\u00e7\u00e3o: Comunidade Cat\u00f3lica Manain<\/div>\n<div class=\"MsoNormal\" style=\"background: white; line-height: normal; margin-bottom: 0cm; text-align: justify;\">\n<\/div>\n<div class=\"MsoNormal\" style=\"background: white; line-height: normal; margin-bottom: 0cm; text-align: justify;\">\n<b>S\u00e1bado 07\/10\/2017<\/b><\/div>\n<div class=\"MsoNormal\" style=\"background: white; line-height: normal; margin-bottom: 0cm; text-align: justify;\">\n<b>7h Atividade Social na pra\u00e7a da Matriz (Senac e Grau T\u00e9cnico)<\/b><\/div>\n<div class=\"MsoNormal\" style=\"background: white; line-height: normal; margin-bottom: 0cm; text-align: justify;\">\n7h Of\u00edcio de Nossa Senhora<\/div>\n<div class=\"MsoNormal\" style=\"background: white; line-height: normal; margin-bottom: 0cm; text-align: justify;\">\n19h Medita\u00e7\u00e3o do Ter\u00e7o<\/div>\n<div class=\"MsoNormal\" style=\"background: white; line-height: normal; margin-bottom: 0cm; text-align: justify;\">\n19h30 Missa: Pe Alu\u00edzio \u2013 Can\u00e7\u00e3o Nova<\/div>\n<div class=\"MsoNormal\" style=\"background: white; line-height: normal; margin-bottom: 0cm; text-align: justify;\">\nCoral: Grupo da Crisma<\/div>\n<div class=\"MsoNormal\" style=\"background: white; line-height: normal; margin-bottom: 0cm; text-align: justify;\">\nNoiteiros: Comunidade Sagrada Fam\u00edlia \u2013 Alagoinha, Pastoral do Surdo.<\/div>\n<div class=\"MsoNormal\" style=\"background: white; line-height: normal; margin-bottom: 0cm; text-align: justify;\">\nAtra\u00e7\u00e3o: Filhos de Maria<\/div>\n<div class=\"MsoNormal\" style=\"background: white; line-height: normal; margin-bottom: 0cm; text-align: justify;\">\n<\/div>\n<div class=\"MsoNormal\" style=\"background: white; line-height: normal; margin-bottom: 0cm; text-align: justify;\">\n<b>Domingo 08\/10\/2017<\/b><\/div>\n<div class=\"MsoNormal\" style=\"background: white; line-height: normal; margin-bottom: 0cm; text-align: justify;\">\n7h Of\u00edcio de Nossa Senhora<\/div>\n<div class=\"MsoNormal\" style=\"background: white; line-height: normal; margin-bottom: 0cm; text-align: justify;\">\n7h30 Missa Solene: Pe. Severino Ant\u00f4nio das Neves.<\/div>\n<div class=\"MsoNormal\" style=\"background: white; line-height: normal; margin-bottom: 0cm; text-align: justify;\">\nCoral: Estrela da Manh\u00e3<\/div>\n<div class=\"MsoNormal\" style=\"background: white; line-height: normal; margin-bottom: 0cm; text-align: justify;\">\n17h Missa: Dom Bernardino Marchi\u00f3 \u2013 Bispo Diocesano de Caruaru.<\/div>\n<div class=\"MsoNormal\" style=\"background: white; line-height: normal; margin-bottom: 0cm; text-align: justify;\">\nCoral: Filhos de Maria<\/div>\n<div class=\"MsoNormal\" style=\"background: white; line-height: normal; margin-bottom: 0cm; text-align: justify;\">\nNoiteiros: Comunidade Nossa Senhora da Concei\u00e7\u00e3o \u2013 Pau Santo, Comunidade Ir. Dulce, Liturgia e todos os fi\u00e9is.<\/div>\n<div style=\"text-align: justify;\">\n<\/div>\n<div class=\"MsoNormal\" style=\"background: white; line-height: normal; margin-bottom: 0cm; text-align: justify;\">\nProciss\u00e3o e logo ap\u00f3s, apresenta\u00e7\u00e3o com a Banda Kair\u00f3s.<\/div>\n","protected":false},"excerpt":{"rendered":"<p>Foto ilustrativa Come\u00e7a neste s\u00e1bado (30) a festa de Nossa Senhora do Ros\u00e1rio, em Caruaru, no Agreste de Pernambuco. O&hellip;<\/p>\n","protected":false},"author":1,"featured_media":0,"comment_status":"open","ping_status":"open","sticky":false,"template":"","format":"standard","meta":{"footnotes":""},"categories":[1],"tags":[2,5684,6,5685],"class_list":["post-4545","post","type-post","status-publish","format-standard","hentry","category-sem-categoria","tag-blog-do-edvaldo-magalhaes","tag-confira-a-programacao-da-festa-de-nossa-senhora-do-rosario-que-comeca-sabado-30","tag-noticias","tag-ultimas-informacoes-de-caruaru"],"_links":{"self":[{"href":"https:\/\/blogdoedvaldomagalhaes.com.br\/index.php\/wp-json\/wp\/v2\/posts\/4545","targetHints":{"allow":["GET"]}}],"collection":[{"href":"https:\/\/blogdoedvaldomagalhaes.com.br\/index.php\/wp-json\/wp\/v2\/posts"}],"about":[{"href":"https:\/\/blogdoedvaldomagalhaes.com.br\/index.php\/wp-json\/wp\/v2\/types\/post"}],"author":[{"embeddable":true,"href":"https:\/\/blogdoedvaldomagalhaes.com.br\/index.php\/wp-json\/wp\/v2\/users\/1"}],"replies":[{"embeddable":true,"href":"https:\/\/blogdoedvaldomagalhaes.com.br\/index.php\/wp-json\/wp\/v2\/comments?post=4545"}],"version-history":[{"count":1,"href":"https:\/\/blogdoedvaldomagalhaes.com.br\/index.php\/wp-json\/wp\/v2\/posts\/4545\/revisions"}],"predecessor-version":[{"id":24582,"href":"https:\/\/blogdoedvaldomagalhaes.com.br\/index.php\/wp-json\/wp\/v2\/posts\/4545\/revisions\/24582"}],"wp:attachment":[{"href":"https:\/\/blogdoedvaldomagalhaes.com.br\/index.php\/wp-json\/wp\/v2\/media?parent=4545"}],"wp:term":[{"taxonomy":"category","embeddable":true,"href":"https:\/\/blogdoedvaldomagalhaes.com.br\/index.php\/wp-json\/wp\/v2\/categories?post=4545"},{"taxonomy":"post_tag","embeddable":true,"href":"https:\/\/blogdoedvaldomagalhaes.com.br\/index.php\/wp-json\/wp\/v2\/tags?post=4545"}],"curies":[{"name":"wp","href":"https:\/\/api.w.org\/{rel}","templated":true}]}}