{"id":45447,"date":"2019-08-19T19:59:36","date_gmt":"2019-08-19T22:59:36","guid":{"rendered":"http:\/\/blogdoedvaldomagalhaes.com.br\/?p=45447"},"modified":"2019-08-19T19:59:41","modified_gmt":"2019-08-19T22:59:41","slug":"negocios-4-0-apresenta-inovacoes-para-o-mercado-da-moda-com-palestras-gratuitas-em-caruaru","status":"publish","type":"post","link":"https:\/\/blogdoedvaldomagalhaes.com.br\/index.php\/2019\/08\/19\/negocios-4-0-apresenta-inovacoes-para-o-mercado-da-moda-com-palestras-gratuitas-em-caruaru\/","title":{"rendered":"Neg\u00f3cios 4.0 apresenta inova\u00e7\u00f5es para o mercado da moda com palestras gratuitas em Caruaru"},"content":{"rendered":"<p style=\"text-align: justify;\">O evento da Acic receber\u00e1 como palestrantes Paulo Kendzerski, Felipe Bazon, Luiz Tardelli, Aldo Pacheco e Vinnie de Oliveira.<\/p>\n<p style=\"text-align: justify;\">Com o intuito de fomentar ainda mais o setor de moda e confec\u00e7\u00e3o do interior do Agreste, a Associa\u00e7\u00e3o Comercial e Empresarial de Caruaru (Acic), em parceria com o Sebrae e AD Diper, promove no dia 22 deste m\u00eas o Neg\u00f3cios 4.0. O evento \u00e9 gratuito e contar\u00e1 com a participa\u00e7\u00e3o de palestrantes que s\u00e3o refer\u00eancia no cen\u00e1rio do e-commerce nacional e internacional, como Paulo Kendzerski, Felipe Bazon, Luiz Tardelli, Aldo Pacheco e Vinnie de Oliveira.<\/p>\n<p style=\"text-align: justify;\">O encontro \u00e9 voltado para confeccionistas e pessoas que trabalham com moda que querem ampliar seu neg\u00f3cio atrav\u00e9s de ferramentas do marketing digital e buscando inspira\u00e7\u00f5es em startups. Na ocasi\u00e3o, tamb\u00e9m ser\u00e1 lan\u00e7ada uma nova plataforma de neg\u00f3cios para o Polo de Confec\u00e7\u00f5es de Pernambuco, projeto realizado em parceria entre a Acic, AD Diper e Sebrae.<\/p>\n<p style=\"text-align: justify;\">De acordo com o coordenador da Rodada de Neg\u00f3cios da Moda Pernambucana, Wamberto Barbosa, esta ser\u00e1 uma grande oportunidade de aprendizado com profissionais especialistas no meio digital. \u201cOs desafios do mercado da moda s\u00e3o constantes, o objetivo deste evento \u00e9 demonstrar aos empres\u00e1rios pernambucanos novos caminhos que dever\u00e3o se somar ao seu modelo de neg\u00f3cios atual alavancando novos mercados, novos clientes. Esta ser\u00e1 uma grande oportunidade de aprendizado com profissionais especialistas no meio digital, que estar\u00e3o comentando experi\u00eancias e estrat\u00e9gias de sucesso em empresas que se la\u00e7aram neste mercado\u201d, afirmou.<\/p>\n<p style=\"text-align: justify;\">*Sobre os palestrantes*<\/p>\n<p style=\"text-align: justify;\">Paulo Kendzerski (SP) \u00e9 Presidente do Instituto da Transforma\u00e7\u00e3o Digital, com mais de 20 anos de experi\u00eancia em projetos de e-commerce e gera\u00e7\u00e3o de fluxo para redes do varejo. Felipe Bazon (SP) \u00e9 SEO Marketing, Digital Marketing e auxilia diversas empresas a acelerar o crescimento utilizando estrat\u00e9gias de Marketing Digital. Luiz Tardelli (SP) atua desde 2009 nas \u00e1reas de vendas, marketing e tecnologia, \u00e9 diretor de novos neg\u00f3cios na GetBots e fundador da startup brasileira de ChatBots.<\/p>\n<p style=\"text-align: justify;\">Aldo Pacheco (PB) \u00e9 especialista em e-Commerce, especialista de neg\u00f3cios na VTEX e \u00e9 co-fundador da VendaeCia, empresa l\u00edder em e-Commerce para Pequenas e M\u00e9dias Empresas no Nordeste. Vinnie Oliveira (PB) possui 10 anos de experi\u00eancia internacional e atualmente \u00e9 CEO e Co-Founder da ag\u00eancia Visual Revolution, que atua com Comunica\u00e7\u00e3o, Marketing e Internet e da startup Pronto pra Curtir.<\/p>\n<p style=\"text-align: justify;\">*Servi\u00e7o*<br \/>\nNeg\u00f3cios 4.0<br \/>\nData: 22 de agosto<br \/>\nLocal: Audit\u00f3rio da Acic \u2013 Rua Armando da Fonte, n\u00ba 15, Maur\u00edcio de Nassau<br \/>\nHor\u00e1rio: 17h \u00e0s 22h<br \/>\nEntrada: gratuita<\/p>\n","protected":false},"excerpt":{"rendered":"<p>O evento da Acic receber\u00e1 como palestrantes Paulo Kendzerski, Felipe Bazon, Luiz Tardelli, Aldo Pacheco e Vinnie de Oliveira. Com&hellip;<\/p>\n","protected":false},"author":1,"featured_media":45449,"comment_status":"closed","ping_status":"open","sticky":false,"template":"","format":"standard","meta":{"footnotes":""},"categories":[14120],"tags":[2,15852,1950],"class_list":["post-45447","post","type-post","status-publish","format-standard","has-post-thumbnail","hentry","category-noticias","tag-blog-do-edvaldo-magalhaes","tag-negocios-4-0-apresenta-inovacoes-para-o-mercado-da-moda-com-palestras-gratuitas-em-caruaru","tag-noticias-de-caruaru"],"_links":{"self":[{"href":"https:\/\/blogdoedvaldomagalhaes.com.br\/index.php\/wp-json\/wp\/v2\/posts\/45447","targetHints":{"allow":["GET"]}}],"collection":[{"href":"https:\/\/blogdoedvaldomagalhaes.com.br\/index.php\/wp-json\/wp\/v2\/posts"}],"about":[{"href":"https:\/\/blogdoedvaldomagalhaes.com.br\/index.php\/wp-json\/wp\/v2\/types\/post"}],"author":[{"embeddable":true,"href":"https:\/\/blogdoedvaldomagalhaes.com.br\/index.php\/wp-json\/wp\/v2\/users\/1"}],"replies":[{"embeddable":true,"href":"https:\/\/blogdoedvaldomagalhaes.com.br\/index.php\/wp-json\/wp\/v2\/comments?post=45447"}],"version-history":[{"count":1,"href":"https:\/\/blogdoedvaldomagalhaes.com.br\/index.php\/wp-json\/wp\/v2\/posts\/45447\/revisions"}],"predecessor-version":[{"id":45450,"href":"https:\/\/blogdoedvaldomagalhaes.com.br\/index.php\/wp-json\/wp\/v2\/posts\/45447\/revisions\/45450"}],"wp:featuredmedia":[{"embeddable":true,"href":"https:\/\/blogdoedvaldomagalhaes.com.br\/index.php\/wp-json\/wp\/v2\/media\/45449"}],"wp:attachment":[{"href":"https:\/\/blogdoedvaldomagalhaes.com.br\/index.php\/wp-json\/wp\/v2\/media?parent=45447"}],"wp:term":[{"taxonomy":"category","embeddable":true,"href":"https:\/\/blogdoedvaldomagalhaes.com.br\/index.php\/wp-json\/wp\/v2\/categories?post=45447"},{"taxonomy":"post_tag","embeddable":true,"href":"https:\/\/blogdoedvaldomagalhaes.com.br\/index.php\/wp-json\/wp\/v2\/tags?post=45447"}],"curies":[{"name":"wp","href":"https:\/\/api.w.org\/{rel}","templated":true}]}}