{"id":45442,"date":"2019-08-19T19:29:29","date_gmt":"2019-08-19T22:29:29","guid":{"rendered":"http:\/\/blogdoedvaldomagalhaes.com.br\/?p=45442"},"modified":"2019-08-19T19:29:32","modified_gmt":"2019-08-19T22:29:32","slug":"dor-de-cabeca-subita-e-intensa-pode-indicar-hemorragia-cerebral","status":"publish","type":"post","link":"https:\/\/blogdoedvaldomagalhaes.com.br\/index.php\/2019\/08\/19\/dor-de-cabeca-subita-e-intensa-pode-indicar-hemorragia-cerebral\/","title":{"rendered":"Dor de cabe\u00e7a s\u00fabita e intensa pode indicar hemorragia cerebral"},"content":{"rendered":"<p style=\"text-align: justify;\"><span style=\"font-size: inherit;\">Tabagismo e hipertens\u00e3o est\u00e3o entre os principais fatores de risco para a ruptura de um aneurisma.<\/span><\/p>\n<p style=\"text-align: justify;\">Assunto muito tratado recentemente nos notici\u00e1rios ap\u00f3s vitimar o cantor Almir Rouche, no \u00faltimo dia 23 de julho, a ruptura de um aneurisma cerebral \u00e9 um problema grave que merece alerta total e cuidado da popula\u00e7\u00e3o no sentido preventivo e de identifica\u00e7\u00e3o, caso ocorra. \u00c9 importante destacar que o aneurisma em si tende a ser assintom\u00e1tico, mas o rompimento dele \u00e9 um pesadelo que come\u00e7a com uma s\u00fabita e insuport\u00e1vel dor de cabe\u00e7a.<\/p>\n<p style=\"text-align: justify;\">\u201cO aneurisma \u00e9 uma dilata\u00e7\u00e3o da parede de uma art\u00e9ria, com sua consequente fragiliza\u00e7\u00e3o. Uma vez que se rompe, extravasa sangue em um espa\u00e7o entre o cr\u00e2nio e o c\u00e9rebro, com consequ\u00eancias potencialmente devastadoras\u201d, explica o neurologista Paulo Henrique Fonseca. A maioria dos casos de ruptura se d\u00e3o em pessoas em torno de 50 anos, tende a afetar mais as mulheres e, em at\u00e9 metade dos casos, os doentes ficam com sequelas neurol\u00f3gicas graves, com importante comprometimento de sua qualidade de vida.<\/p>\n<p style=\"text-align: justify;\">Almir Rouche \u00e9 um exemplo bem-sucedido dentre os casos de rompimento de um aneurisma. O artista recebeu alta, ap\u00f3s 12 dias de tratamento intensivo, sem nenhuma sequela, de acordo com a sua assessoria de imprensa. O cantor passou por uma emboliza\u00e7\u00e3o, procedimento que consiste no tratamento do aneurisma, sem que seja feita a abertura do cr\u00e2nio.<\/p>\n<p style=\"text-align: justify;\">\u201c O tratamento dos aneurismas \u00e9 complexo. A primeira etapa consiste em fechar o aneurisma, atrav\u00e9s de um cateterismo cerebral (semelhante ao card\u00edaco) ou mesmo cirurgia aberta. Em seguida, o paciente ser\u00e1 submetido a um protocolo de suporte em UTI (pelo risco de potenciais complica\u00e7\u00f5es). Posteriormente, e a depender das sequelas, inicia-se uma etapa de reabilita\u00e7\u00e3o e acompanhamento\u201d.<\/p>\n<p style=\"text-align: justify;\">Estima-se que cerca de 2% da popula\u00e7\u00e3o tenha algum tipo de aneurisma, a maioria deles assintom\u00e1ticos. S\u00f3 na minoria dos casos h\u00e1 rompimento, havendo par\u00e2metro para se determinar aqueles aneurismas com maior risco de ruptura. \u201cEmbora o fator heredit\u00e1rio tenha peso em casos espec\u00edficos, o aneurisma \u00e9 uma doen\u00e7a adquirida mediante exposi\u00e7\u00e3o a alguns fatores de risco, tais como o tabagismo, o consumo de \u00e1lcool de forma excessiva, hipertens\u00e3o e idade avan\u00e7ada\u201d, pondera o neurologista. O m\u00e9dico ressalta ainda que a melhor preven\u00e7\u00e3o \u00e9 manter a sa\u00fade em dia.<\/p>\n<p style=\"text-align: justify;\">\u00c9 importante, tamb\u00e9m, estar atento a dores de cabe\u00e7a, uma vez que, embora n\u00e3o deva ser encarada como algo normal, \u00e9 banalizada por muita gente. Entretanto, \u00e9 preciso lev\u00e1-la a s\u00e9rio e encarar os sinais que o corpo emite. \u201c\u00c9 a\u00ed onde mora o perigo, pois a interpreta\u00e7\u00e3o equivocada do sintoma de dor pode ser fatal. O diagn\u00f3stico r\u00e1pido e o socorro imediato s\u00e3o fundamentais para o sucesso no tratamento\u201d, orienta Fonseca.<\/p>\n<p style=\"text-align: justify;\">Foto: Cl\u00e1udio Rodrigues\/Dupla Comunica\u00e7\u00e3o.<\/p>\n","protected":false},"excerpt":{"rendered":"<p>Tabagismo e hipertens\u00e3o est\u00e3o entre os principais fatores de risco para a ruptura de um aneurisma. Assunto muito tratado recentemente&hellip;<\/p>\n","protected":false},"author":1,"featured_media":45443,"comment_status":"closed","ping_status":"open","sticky":false,"template":"","format":"standard","meta":{"footnotes":""},"categories":[14120],"tags":[2,15850,1950],"class_list":["post-45442","post","type-post","status-publish","format-standard","has-post-thumbnail","hentry","category-noticias","tag-blog-do-edvaldo-magalhaes","tag-dor-de-cabeca-subita-e-intensa-pode-indicar-hemorragia-cerebral","tag-noticias-de-caruaru"],"_links":{"self":[{"href":"https:\/\/blogdoedvaldomagalhaes.com.br\/index.php\/wp-json\/wp\/v2\/posts\/45442","targetHints":{"allow":["GET"]}}],"collection":[{"href":"https:\/\/blogdoedvaldomagalhaes.com.br\/index.php\/wp-json\/wp\/v2\/posts"}],"about":[{"href":"https:\/\/blogdoedvaldomagalhaes.com.br\/index.php\/wp-json\/wp\/v2\/types\/post"}],"author":[{"embeddable":true,"href":"https:\/\/blogdoedvaldomagalhaes.com.br\/index.php\/wp-json\/wp\/v2\/users\/1"}],"replies":[{"embeddable":true,"href":"https:\/\/blogdoedvaldomagalhaes.com.br\/index.php\/wp-json\/wp\/v2\/comments?post=45442"}],"version-history":[{"count":1,"href":"https:\/\/blogdoedvaldomagalhaes.com.br\/index.php\/wp-json\/wp\/v2\/posts\/45442\/revisions"}],"predecessor-version":[{"id":45444,"href":"https:\/\/blogdoedvaldomagalhaes.com.br\/index.php\/wp-json\/wp\/v2\/posts\/45442\/revisions\/45444"}],"wp:featuredmedia":[{"embeddable":true,"href":"https:\/\/blogdoedvaldomagalhaes.com.br\/index.php\/wp-json\/wp\/v2\/media\/45443"}],"wp:attachment":[{"href":"https:\/\/blogdoedvaldomagalhaes.com.br\/index.php\/wp-json\/wp\/v2\/media?parent=45442"}],"wp:term":[{"taxonomy":"category","embeddable":true,"href":"https:\/\/blogdoedvaldomagalhaes.com.br\/index.php\/wp-json\/wp\/v2\/categories?post=45442"},{"taxonomy":"post_tag","embeddable":true,"href":"https:\/\/blogdoedvaldomagalhaes.com.br\/index.php\/wp-json\/wp\/v2\/tags?post=45442"}],"curies":[{"name":"wp","href":"https:\/\/api.w.org\/{rel}","templated":true}]}}