{"id":45439,"date":"2019-08-19T19:18:20","date_gmt":"2019-08-19T22:18:20","guid":{"rendered":"http:\/\/blogdoedvaldomagalhaes.com.br\/?p=45439"},"modified":"2019-08-19T19:18:26","modified_gmt":"2019-08-19T22:18:26","slug":"diocese-de-caruaru-abre-cadastro-de-ambulantes-para-o-rios-de-agua-viva-2019","status":"publish","type":"post","link":"https:\/\/blogdoedvaldomagalhaes.com.br\/index.php\/2019\/08\/19\/diocese-de-caruaru-abre-cadastro-de-ambulantes-para-o-rios-de-agua-viva-2019\/","title":{"rendered":"Diocese de Caruaru abre cadastro de ambulantes para o Rios de \u00c1gua Viva 2019"},"content":{"rendered":"<p style=\"text-align: justify;\">As inscri\u00e7\u00f5es acontecem de 20 a 22 de agosto na secretaria da Catedral, em Caruaru.<\/p>\n<p style=\"text-align: justify;\">A Diocese de Caruaru abre nesta ter\u00e7a-feira (20), o cadastro para vendedores ambulantes que desejam comercializar seus produtos no Rios de \u00c1gua Viva 2019, que acontece no pr\u00f3ximo domingo (25), no P\u00e1tio de Eventos Luiz Lua Gonzaga. De acordo com o edital, segue at\u00e9 o dia 22 de agosto o credenciamento de autoriza\u00e7\u00e3o para venda de souvenires, bebidas n\u00e3o alco\u00f3licas, doces, salgados e derivados.<\/p>\n<p style=\"text-align: justify;\">Os interessados devem procurar a secretaria da Catedral de Nossa Senhora das Dores, em Caruaru, no hor\u00e1rio das 8h \u00e0s 13h, tendo em m\u00e3os documento de identifica\u00e7\u00e3o com foto, CPF e comprovante de resid\u00eancia atualizado. A inscri\u00e7\u00e3o deve ser feita pelo titular dos documentos.<\/p>\n<p style=\"text-align: justify;\">Para utiliza\u00e7\u00e3o do espa\u00e7o, al\u00e9m do credenciamento obrigat\u00f3rio, o usu\u00e1rio dever\u00e1 pagar a taxa determinada de acordo com as dimens\u00f5es da \u00e1rea definida. S\u00e3o disponibilizadas sessenta inscri\u00e7\u00f5es no valor de R$ 30 para vendas de \u00e1gua mineral, churros, espetinhos, pipocas e balas em um espa\u00e7o de 2&#215;2 e trinta inscri\u00e7\u00f5es com o pre\u00e7o de R$ 50 para comercializa\u00e7\u00e3o de cachorro quente, pastel, hamb\u00farguer em espa\u00e7os de 3&#215;3 a 5&#215;5.<\/p>\n<p style=\"text-align: justify;\">O credenciamento Rios de \u00c1gua Viva, ser\u00e1 de 20 a 22 de agosto, na Catedral de Nossa Senhora das Dores Avenida Henrique Pinto, centro de Caruaru. Mais informa\u00e7\u00f5es pelo (81) 3721.1642 ou pelo e-mail curiadiocesanacaruaru@gmail.com<\/p>\n","protected":false},"excerpt":{"rendered":"<p>As inscri\u00e7\u00f5es acontecem de 20 a 22 de agosto na secretaria da Catedral, em Caruaru. A Diocese de Caruaru abre&hellip;<\/p>\n","protected":false},"author":1,"featured_media":45440,"comment_status":"closed","ping_status":"open","sticky":false,"template":"","format":"standard","meta":{"footnotes":""},"categories":[14120],"tags":[2,15849,1950],"class_list":["post-45439","post","type-post","status-publish","format-standard","has-post-thumbnail","hentry","category-noticias","tag-blog-do-edvaldo-magalhaes","tag-diocese-de-caruaru-abre-cadastro-de-ambulantes-para-o-rios-de-agua-viva-2019","tag-noticias-de-caruaru"],"_links":{"self":[{"href":"https:\/\/blogdoedvaldomagalhaes.com.br\/index.php\/wp-json\/wp\/v2\/posts\/45439","targetHints":{"allow":["GET"]}}],"collection":[{"href":"https:\/\/blogdoedvaldomagalhaes.com.br\/index.php\/wp-json\/wp\/v2\/posts"}],"about":[{"href":"https:\/\/blogdoedvaldomagalhaes.com.br\/index.php\/wp-json\/wp\/v2\/types\/post"}],"author":[{"embeddable":true,"href":"https:\/\/blogdoedvaldomagalhaes.com.br\/index.php\/wp-json\/wp\/v2\/users\/1"}],"replies":[{"embeddable":true,"href":"https:\/\/blogdoedvaldomagalhaes.com.br\/index.php\/wp-json\/wp\/v2\/comments?post=45439"}],"version-history":[{"count":1,"href":"https:\/\/blogdoedvaldomagalhaes.com.br\/index.php\/wp-json\/wp\/v2\/posts\/45439\/revisions"}],"predecessor-version":[{"id":45441,"href":"https:\/\/blogdoedvaldomagalhaes.com.br\/index.php\/wp-json\/wp\/v2\/posts\/45439\/revisions\/45441"}],"wp:featuredmedia":[{"embeddable":true,"href":"https:\/\/blogdoedvaldomagalhaes.com.br\/index.php\/wp-json\/wp\/v2\/media\/45440"}],"wp:attachment":[{"href":"https:\/\/blogdoedvaldomagalhaes.com.br\/index.php\/wp-json\/wp\/v2\/media?parent=45439"}],"wp:term":[{"taxonomy":"category","embeddable":true,"href":"https:\/\/blogdoedvaldomagalhaes.com.br\/index.php\/wp-json\/wp\/v2\/categories?post=45439"},{"taxonomy":"post_tag","embeddable":true,"href":"https:\/\/blogdoedvaldomagalhaes.com.br\/index.php\/wp-json\/wp\/v2\/tags?post=45439"}],"curies":[{"name":"wp","href":"https:\/\/api.w.org\/{rel}","templated":true}]}}