{"id":45436,"date":"2019-08-19T19:01:15","date_gmt":"2019-08-19T22:01:15","guid":{"rendered":"http:\/\/blogdoedvaldomagalhaes.com.br\/?p=45436"},"modified":"2019-08-19T19:01:19","modified_gmt":"2019-08-19T22:01:19","slug":"programacao-da-semana-estadual-da-pessoa-com-deficiencia-confira","status":"publish","type":"post","link":"https:\/\/blogdoedvaldomagalhaes.com.br\/index.php\/2019\/08\/19\/programacao-da-semana-estadual-da-pessoa-com-deficiencia-confira\/","title":{"rendered":"Programa\u00e7\u00e3o da Semana Estadual da Pessoa com Defici\u00eancia; Confira"},"content":{"rendered":"<p style=\"text-align: justify;\"><span style=\"font-size: inherit;\">Entre os dias 21 e 28 de agosto se comemora a Semana Estadual da Pessoa com Defici\u00eancia, como previsto na Lei n\u00ba 13.381, promulgada em dezembro de 2007. Caruaru tamb\u00e9m ter\u00e1 uma programa\u00e7\u00e3o especial iniciando na quarta-feira (21) com a Confer\u00eancia das Pessoas com Defici\u00eancias, que ser\u00e1 realizada na UNINASSAU Caruaru, das 08h \u00e0s 12h e de 14h \u00e0s 17h. Para edi\u00e7\u00e3o 2019, o tema ser\u00e1 \u201cParticipa\u00e7\u00e3o Social: um exerc\u00edcio da cidadania na constru\u00e7\u00e3o de pol\u00edticas p\u00fablicas\u201d. O cronograma de atividades da semana tamb\u00e9m prev\u00ea forma\u00e7\u00e3o com servidores municipais sobre BPC\/LOAS, rodas de di\u00e1logo, atividades esportivas, caminhada alusiva e muito mais.<\/span><\/p>\n<p style=\"text-align: justify;\">A Prefeitura de Caruaru, por meio da coordena\u00e7\u00e3o de Promo\u00e7\u00e3o das Pessoas com Defici\u00eancia da Secretaria de Desenvolvimento Social e Direitos Humanos, est\u00e1 \u00e0 frente das a\u00e7\u00f5es que ser\u00e3o realizadas em parceria com as secretarias municipais de Sa\u00fade, Educa\u00e7\u00e3o, Funda\u00e7\u00e3o de Cultura e Turismo, junto com o Conselho Municipal da Pessoa com Defici\u00eancia (COMUD). \u201cO intuito \u00e9 dar visibilidade \u00e0s pautas dessa parcela da popula\u00e7\u00e3o e chamar a aten\u00e7\u00e3o para suas necessidades, tanto para a defini\u00e7\u00e3o de pol\u00edticas p\u00fablicas quanto para o enfrentamento ao preconceito\u201d, destacou a coordenadora de Promo\u00e7\u00e3o das Pessoas com Defici\u00eancia de Caruaru, Rosimery Silva.<\/p>\n","protected":false},"excerpt":{"rendered":"<p>Entre os dias 21 e 28 de agosto se comemora a Semana Estadual da Pessoa com Defici\u00eancia, como previsto na&hellip;<\/p>\n","protected":false},"author":1,"featured_media":45437,"comment_status":"closed","ping_status":"open","sticky":false,"template":"","format":"standard","meta":{"footnotes":""},"categories":[14120],"tags":[2,1950,15848],"class_list":["post-45436","post","type-post","status-publish","format-standard","has-post-thumbnail","hentry","category-noticias","tag-blog-do-edvaldo-magalhaes","tag-noticias-de-caruaru","tag-programacao-da-semana-estadual-da-pessoa-com-deficiencia-confira"],"_links":{"self":[{"href":"https:\/\/blogdoedvaldomagalhaes.com.br\/index.php\/wp-json\/wp\/v2\/posts\/45436","targetHints":{"allow":["GET"]}}],"collection":[{"href":"https:\/\/blogdoedvaldomagalhaes.com.br\/index.php\/wp-json\/wp\/v2\/posts"}],"about":[{"href":"https:\/\/blogdoedvaldomagalhaes.com.br\/index.php\/wp-json\/wp\/v2\/types\/post"}],"author":[{"embeddable":true,"href":"https:\/\/blogdoedvaldomagalhaes.com.br\/index.php\/wp-json\/wp\/v2\/users\/1"}],"replies":[{"embeddable":true,"href":"https:\/\/blogdoedvaldomagalhaes.com.br\/index.php\/wp-json\/wp\/v2\/comments?post=45436"}],"version-history":[{"count":1,"href":"https:\/\/blogdoedvaldomagalhaes.com.br\/index.php\/wp-json\/wp\/v2\/posts\/45436\/revisions"}],"predecessor-version":[{"id":45438,"href":"https:\/\/blogdoedvaldomagalhaes.com.br\/index.php\/wp-json\/wp\/v2\/posts\/45436\/revisions\/45438"}],"wp:featuredmedia":[{"embeddable":true,"href":"https:\/\/blogdoedvaldomagalhaes.com.br\/index.php\/wp-json\/wp\/v2\/media\/45437"}],"wp:attachment":[{"href":"https:\/\/blogdoedvaldomagalhaes.com.br\/index.php\/wp-json\/wp\/v2\/media?parent=45436"}],"wp:term":[{"taxonomy":"category","embeddable":true,"href":"https:\/\/blogdoedvaldomagalhaes.com.br\/index.php\/wp-json\/wp\/v2\/categories?post=45436"},{"taxonomy":"post_tag","embeddable":true,"href":"https:\/\/blogdoedvaldomagalhaes.com.br\/index.php\/wp-json\/wp\/v2\/tags?post=45436"}],"curies":[{"name":"wp","href":"https:\/\/api.w.org\/{rel}","templated":true}]}}