{"id":45433,"date":"2019-08-19T18:52:11","date_gmt":"2019-08-19T21:52:11","guid":{"rendered":"http:\/\/blogdoedvaldomagalhaes.com.br\/?p=45433"},"modified":"2019-08-19T18:52:12","modified_gmt":"2019-08-19T21:52:12","slug":"programacao-da-26a-romaria-do-frei-damiao-confira","status":"publish","type":"post","link":"https:\/\/blogdoedvaldomagalhaes.com.br\/index.php\/2019\/08\/19\/programacao-da-26a-romaria-do-frei-damiao-confira\/","title":{"rendered":"Programa\u00e7\u00e3o da 26\u00aa Romaria do Frei Dami\u00e3o; Confira"},"content":{"rendered":"<p style=\"text-align: justify;\"><span style=\"font-size: inherit;\">A Par\u00f3quia de S\u00e3o Joaquim e a Diocese de Caruaru divulgaram a Programa\u00e7\u00e3o Oficial da 26\u00aa edi\u00e7\u00e3o da Romaria do Frei Dami\u00e3o que acontece em S\u00e3o Joaquim do Monte, no Agreste do Estado.<\/span><\/p>\n<p style=\"text-align: justify;\">A grade 2019 contemplar\u00e1 aspectos da religiosidade popular, de acordo com a tradi\u00e7\u00e3o das Santas Miss\u00f5es. Missas, confiss\u00f5es, prociss\u00f5es, caminhada penitencial, adora\u00e7\u00e3o ao Sant\u00edssimo Sacramento e shows de evangeliza\u00e7\u00e3o destacam a programa\u00e7\u00e3o desse ano.<\/p>\n<p style=\"text-align: justify;\">A 26\u00aa Romaria do Frei Dami\u00e3o inicia no pr\u00f3ximo dia 29 com a Prociss\u00e3o das Velas e Missa no Cruzeiro \u00e0s 19h. A expectativa \u00e9 que mais de 150 mil romeiros visitem a cidade nos quatro dias.<\/p>\n<p style=\"text-align: justify;\">Confira a Programa\u00e7\u00e3o na \u00cdntegra:<\/p>\n<p style=\"text-align: justify;\">18h30- Ter\u00e7o Meditado na Igreja Matriz de S\u00e3o Joaquim<br \/>\n19h- Prociss\u00e3o das Velas com a imagem de Nossa Senhora das Dores at\u00e9 o Cruzeiro de Frei Dami\u00e3o, e chegada do monumento de Frei Fernando.<br \/>\n19h30- Santa Missa de Abertura da Romaria 2019, presidida pelo Padre Jos\u00e9 Isael Evaristo Torres, p\u00e1roco de S\u00e3o Joaquim do Monte.<br \/>\n&#8211; Ap\u00f3s a missa, Momento de Evangeliza\u00e7\u00e3o com Minist\u00e9rio Filhos da Imaculada.<\/p>\n<p style=\"text-align: justify;\">Dia 30 de Agosto | Sexta-feira<br \/>\n08h\u2013 Caminhada das Escolas at\u00e9 a Igreja Matriz de S\u00e3o Joaquim<br \/>\n09h\u2013 Apresenta\u00e7\u00e3o da Orquestra de Violino e da Banda Marcial Frei Dami\u00e3o na Matriz.<br \/>\n10h\u2013 Caminhada das Escolas at\u00e9 o Cruzeiro de Frei Dami\u00e3o<br \/>\n10h30\u2013 Louvor com Minist\u00e9rio Mil\u00edcia Celeste no Cruzeiro de Frei Dami\u00e3o<br \/>\n15h- Ter\u00e7o da Miseric\u00f3rdia na Igreja de S\u00e3o F\u00e9lix (Camocim de S\u00e3o F\u00e9lix\/PE), concentra\u00e7\u00e3o para a Caminhada do Bote F\u00e9.<\/p>\n<p style=\"text-align: justify;\">15h30\u2013 8\u00aa Caminhada do Bote F\u00e9, saindo da Matriz de S\u00e3o F\u00e9lix (Camocim\/PE), at\u00e9 a Igreja Matriz de S\u00e3o Joaquim. Anima\u00e7\u00e3o com Minist\u00e9rio Jesus Misericordioso (Caruaru\/PE).<br \/>\n18h\u2013 Santa Missa da Gra\u00e7a na Matriz de S\u00e3o Joaquim, presidida pelo Administrado Apost\u00f3lico da Diocese de Caruaru, Dom Bernardino Marchi\u00f3 (Dom Dino).<\/p>\n<p style=\"text-align: justify;\">Dia 31 de Agosto | S\u00e1bado<br \/>\n06h\u2013 Of\u00edcio de Nossa Senhora no Cruzeiro de Frei Dami\u00e3o<br \/>\n06h30\u2013 Santa Missa no Cruzeiro de Frei Dami\u00e3o, presidida pelo Padre Jos\u00e9 Isael Evaristo Torres, p\u00e1roco de S\u00e3o Joaquim do Monte.<br \/>\n09h\u2013 Santa Missa na Igreja Matriz de S\u00e3o Joaquim, presidida por padres romeiros.<br \/>\n11h\u2013 Santa Missa no Cruzeiro de Frei Dami\u00e3o<br \/>\n15h\u2013 Encontro Vocacional na Igreja Matriz, com os Seminaristas da Diocese de Caruaru (OVS \u2013 Obra das Voca\u00e7\u00f5es Sacerdotais).<br \/>\n18h30\u2013 Ter\u00e7o Meditado na Pra\u00e7a da Matriz (Palco).<br \/>\n19h\u2013 Santa Missa da Fam\u00edlia, na Pra\u00e7a da Matriz (Palco), presidida pelo Frei Jociel Gomes OFMC.<br \/>\n20h30\u2013 Momento de Evangeliza\u00e7\u00e3o com Dudu do Acordeon<\/p>\n<p style=\"text-align: justify;\">01 de Setembro | Domingo |Dia \u201cD\u201d<br \/>\n04h\u2013 Apresenta\u00e7\u00e3o e festejos dos Bacamarteiros no Cruzeiro de Frei Dami\u00e3o.<br \/>\n06h00min \u2013 Of\u00edcio de Nossa Senhora no Cruzeiro de Frei Dami\u00e3o<br \/>\n06h30\u2013 Santa Missa no Cruzeiro de Frei Dami\u00e3o<br \/>\n07h\u2013 Acolhimento as Caravanas de Romeiros que come\u00e7am a chegar na Terra da Romaria.<br \/>\n10h\u2013 Santa Missa na Pra\u00e7a da Matriz (Palco), presidida por Dom Severino Batista de Fran\u00e7a, Bispo Em\u00e9rito da Diocese de Nazar\u00e9 da Mata.<br \/>\n&#8211; Ap\u00f3s a missa Testemunho dos Romeiros, sobre Gra\u00e7as alcan\u00e7adas.<br \/>\n10h\u2013 Santa Missa no Cruzeiro de Frei Dami\u00e3o<br \/>\n11h\u2013 Louvor com a Banda Kair\u00f3s da cidade de Cupira\/PE<br \/>\n12h\u2013 Momento de Adora\u00e7\u00e3o ao Sant\u00edssimo Sacramento no Palco<br \/>\n13h\u2013 Louvor com o Seminarista Diocese de Caruaru<br \/>\n14h\u2013 Louvor com Valmir Lima e Banda<br \/>\n15h\u2013 Ter\u00e7o da Miseric\u00f3rdia no Cruzeiro de Frei Dami\u00e3o<br \/>\n15h\u2013 Show com Valquiria Mendes e Banda (Palco)<br \/>\n&#8211; Logo ap\u00f3s testemunho dos romeiros sobre gra\u00e7as alcan\u00e7adas.<br \/>\n16h\u2013 Prociss\u00e3o com a imagem de Nossa Senhora das Dores, padroeira dos romeiros, saindo do Cruzeiro de Frei Dami\u00e3o at\u00e9 a Pra\u00e7a da Matriz.<br \/>\n17h\u2013 Santa Missa de Encerramento da 26\u00aa Romaria do Frei Dami\u00e3o, presidida pelo Padre F\u00e1bio Farias da Arquidiocese de Olinda e Recife.<br \/>\n18h\u2013 Show Pirot\u00e9cnico.<\/p>\n","protected":false},"excerpt":{"rendered":"<p>A Par\u00f3quia de S\u00e3o Joaquim e a Diocese de Caruaru divulgaram a Programa\u00e7\u00e3o Oficial da 26\u00aa edi\u00e7\u00e3o da Romaria do&hellip;<\/p>\n","protected":false},"author":1,"featured_media":45434,"comment_status":"closed","ping_status":"open","sticky":false,"template":"","format":"standard","meta":{"footnotes":""},"categories":[14120],"tags":[2,1950,15847],"class_list":["post-45433","post","type-post","status-publish","format-standard","has-post-thumbnail","hentry","category-noticias","tag-blog-do-edvaldo-magalhaes","tag-noticias-de-caruaru","tag-programacao-da-26a-romaria-do-frei-damiao-confira"],"_links":{"self":[{"href":"https:\/\/blogdoedvaldomagalhaes.com.br\/index.php\/wp-json\/wp\/v2\/posts\/45433","targetHints":{"allow":["GET"]}}],"collection":[{"href":"https:\/\/blogdoedvaldomagalhaes.com.br\/index.php\/wp-json\/wp\/v2\/posts"}],"about":[{"href":"https:\/\/blogdoedvaldomagalhaes.com.br\/index.php\/wp-json\/wp\/v2\/types\/post"}],"author":[{"embeddable":true,"href":"https:\/\/blogdoedvaldomagalhaes.com.br\/index.php\/wp-json\/wp\/v2\/users\/1"}],"replies":[{"embeddable":true,"href":"https:\/\/blogdoedvaldomagalhaes.com.br\/index.php\/wp-json\/wp\/v2\/comments?post=45433"}],"version-history":[{"count":1,"href":"https:\/\/blogdoedvaldomagalhaes.com.br\/index.php\/wp-json\/wp\/v2\/posts\/45433\/revisions"}],"predecessor-version":[{"id":45435,"href":"https:\/\/blogdoedvaldomagalhaes.com.br\/index.php\/wp-json\/wp\/v2\/posts\/45433\/revisions\/45435"}],"wp:featuredmedia":[{"embeddable":true,"href":"https:\/\/blogdoedvaldomagalhaes.com.br\/index.php\/wp-json\/wp\/v2\/media\/45434"}],"wp:attachment":[{"href":"https:\/\/blogdoedvaldomagalhaes.com.br\/index.php\/wp-json\/wp\/v2\/media?parent=45433"}],"wp:term":[{"taxonomy":"category","embeddable":true,"href":"https:\/\/blogdoedvaldomagalhaes.com.br\/index.php\/wp-json\/wp\/v2\/categories?post=45433"},{"taxonomy":"post_tag","embeddable":true,"href":"https:\/\/blogdoedvaldomagalhaes.com.br\/index.php\/wp-json\/wp\/v2\/tags?post=45433"}],"curies":[{"name":"wp","href":"https:\/\/api.w.org\/{rel}","templated":true}]}}