{"id":45428,"date":"2019-08-19T18:36:22","date_gmt":"2019-08-19T21:36:22","guid":{"rendered":"http:\/\/blogdoedvaldomagalhaes.com.br\/?p=45428"},"modified":"2019-08-19T18:36:25","modified_gmt":"2019-08-19T21:36:25","slug":"empossados-52-novos-guardas-municipais-em-caruaru","status":"publish","type":"post","link":"https:\/\/blogdoedvaldomagalhaes.com.br\/index.php\/2019\/08\/19\/empossados-52-novos-guardas-municipais-em-caruaru\/","title":{"rendered":"Empossados 52 novos Guardas Municipais em Caruaru"},"content":{"rendered":"<p style=\"text-align: justify;\"><span style=\"font-size: inherit;\">Foram empossados na manh\u00e3 desta segunda-feira (19), na Autarquia Municipal de Tr\u00e2nsito e Transportes de Caruaru, os 52 novos Guardas Municipais que prestar\u00e3o servi\u00e7os \u00e0 cidade.<\/span><\/p>\n<p style=\"text-align: justify;\">\u201cEstamos felizes com a chegada de 52 novos Guardas para servir a popula\u00e7\u00e3o caruaruense. Nosso trabalho vai ser intensificado com muita dedica\u00e7\u00e3o e seriedade\u201d, destacou o Comandante da Guarda Municipal de Caruaru, Evandir Amorim.<br \/>Os novos Guardas Municipais estar\u00e3o nas ruas da cidade a partir desta ter\u00e7a-feira (20), onde, entre suas fun\u00e7\u00f5es, dever\u00e3o zelar pelo bem dos cidad\u00e3os e pelo bem p\u00fablicos, como escolas, hospitais, pra\u00e7as, monumentos e outros espa\u00e7os cujo munic\u00edpio administra. <br \/>A Guarda Municipal trabalha em parceria com as Pol\u00edcias Militar e Civil na preven\u00e7\u00e3o e combate a viol\u00eancia em Caruaru.<\/p>\n<p>\u00a0<\/p>\n\n\n<figure class=\"wp-block-image\"><img loading=\"lazy\" decoding=\"async\" width=\"534\" height=\"412\" src=\"http:\/\/blogdoedvaldomagalhaes.com.br\/wp-content\/uploads\/2019\/08\/IMG-20190819-WA0060.jpg\" alt=\"\" class=\"wp-image-45429\" srcset=\"https:\/\/blogdoedvaldomagalhaes.com.br\/wp-content\/uploads\/2019\/08\/IMG-20190819-WA0060.jpg 534w, https:\/\/blogdoedvaldomagalhaes.com.br\/wp-content\/uploads\/2019\/08\/IMG-20190819-WA0060-300x231.jpg 300w\" sizes=\"auto, (max-width: 534px) 100vw, 534px\" \/><\/figure>\n\n\n\n<figure class=\"wp-block-image\"><img loading=\"lazy\" decoding=\"async\" width=\"1024\" height=\"682\" src=\"http:\/\/blogdoedvaldomagalhaes.com.br\/wp-content\/uploads\/2019\/08\/IMG-20190819-WA0061-1024x682.jpg\" alt=\"\" class=\"wp-image-45430\" srcset=\"https:\/\/blogdoedvaldomagalhaes.com.br\/wp-content\/uploads\/2019\/08\/IMG-20190819-WA0061-1024x682.jpg 1024w, https:\/\/blogdoedvaldomagalhaes.com.br\/wp-content\/uploads\/2019\/08\/IMG-20190819-WA0061-300x200.jpg 300w, https:\/\/blogdoedvaldomagalhaes.com.br\/wp-content\/uploads\/2019\/08\/IMG-20190819-WA0061-768x512.jpg 768w, https:\/\/blogdoedvaldomagalhaes.com.br\/wp-content\/uploads\/2019\/08\/IMG-20190819-WA0061.jpg 1280w\" sizes=\"auto, (max-width: 1024px) 100vw, 1024px\" \/><figcaption>Fotos: Arnaldo F\u00e9lix<\/figcaption><\/figure>\n","protected":false},"excerpt":{"rendered":"<p>Foram empossados na manh\u00e3 desta segunda-feira (19), na Autarquia Municipal de Tr\u00e2nsito e Transportes de Caruaru, os 52 novos Guardas&hellip;<\/p>\n","protected":false},"author":1,"featured_media":45431,"comment_status":"closed","ping_status":"open","sticky":false,"template":"","format":"standard","meta":{"footnotes":""},"categories":[14120],"tags":[2,15846,1950],"class_list":["post-45428","post","type-post","status-publish","format-standard","has-post-thumbnail","hentry","category-noticias","tag-blog-do-edvaldo-magalhaes","tag-empossados-52-novos-guardas-municipais-em-caruaru","tag-noticias-de-caruaru"],"_links":{"self":[{"href":"https:\/\/blogdoedvaldomagalhaes.com.br\/index.php\/wp-json\/wp\/v2\/posts\/45428","targetHints":{"allow":["GET"]}}],"collection":[{"href":"https:\/\/blogdoedvaldomagalhaes.com.br\/index.php\/wp-json\/wp\/v2\/posts"}],"about":[{"href":"https:\/\/blogdoedvaldomagalhaes.com.br\/index.php\/wp-json\/wp\/v2\/types\/post"}],"author":[{"embeddable":true,"href":"https:\/\/blogdoedvaldomagalhaes.com.br\/index.php\/wp-json\/wp\/v2\/users\/1"}],"replies":[{"embeddable":true,"href":"https:\/\/blogdoedvaldomagalhaes.com.br\/index.php\/wp-json\/wp\/v2\/comments?post=45428"}],"version-history":[{"count":1,"href":"https:\/\/blogdoedvaldomagalhaes.com.br\/index.php\/wp-json\/wp\/v2\/posts\/45428\/revisions"}],"predecessor-version":[{"id":45432,"href":"https:\/\/blogdoedvaldomagalhaes.com.br\/index.php\/wp-json\/wp\/v2\/posts\/45428\/revisions\/45432"}],"wp:featuredmedia":[{"embeddable":true,"href":"https:\/\/blogdoedvaldomagalhaes.com.br\/index.php\/wp-json\/wp\/v2\/media\/45431"}],"wp:attachment":[{"href":"https:\/\/blogdoedvaldomagalhaes.com.br\/index.php\/wp-json\/wp\/v2\/media?parent=45428"}],"wp:term":[{"taxonomy":"category","embeddable":true,"href":"https:\/\/blogdoedvaldomagalhaes.com.br\/index.php\/wp-json\/wp\/v2\/categories?post=45428"},{"taxonomy":"post_tag","embeddable":true,"href":"https:\/\/blogdoedvaldomagalhaes.com.br\/index.php\/wp-json\/wp\/v2\/tags?post=45428"}],"curies":[{"name":"wp","href":"https:\/\/api.w.org\/{rel}","templated":true}]}}