{"id":454,"date":"2018-12-11T19:00:00","date_gmt":"2018-12-11T21:00:00","guid":{"rendered":"http:\/\/blogdoedvaldomagalhaes.com.br\/index.php\/2018\/12\/11\/tony-gel-participa-da-posse-de-jose\/"},"modified":"2019-02-09T02:45:45","modified_gmt":"2019-02-09T04:45:45","slug":"tony-gel-participa-da-posse-de-jose","status":"publish","type":"post","link":"https:\/\/blogdoedvaldomagalhaes.com.br\/index.php\/2018\/12\/11\/tony-gel-participa-da-posse-de-jose\/","title":{"rendered":"Tony Gel participa da posse de Jos\u00e9 M\u00facio \u00e0 presid\u00eancia do TCU"},"content":{"rendered":"<div class=\"separator\" style=\"clear: both; text-align: center;\">\n<a href=\"https:\/\/2.bp.blogspot.com\/-h8Ck9n0l6u4\/XBAIypZpVlI\/AAAAAAAA_n0\/esNX1y4fBW4kv8hg8xdDVP8mDi5qOzFIgCLcBGAs\/s1600\/IMG-20181211-WA0189.jpg\" imageanchor=\"1\" style=\"margin-left: 1em; margin-right: 1em;\"><img loading=\"lazy\" decoding=\"async\" border=\"0\" data-original-height=\"1157\" data-original-width=\"960\" height=\"640\" src=\"http:\/\/blogdoedvaldomagalhaes.com.br\/wp-content\/uploads\/2018\/12\/IMG-20181211-WA0189.jpg\" width=\"530\" \/><\/a><\/div>\n<p><\/p>\n<div style=\"text-align: justify;\">\nO Deputado Estadual Tony Gel (MDB), participou na manh\u00e3 desta ter\u00e7a-feira, 11, em Bras\u00edlia, da posse do Ministro Jos\u00e9 M\u00facio Monteiro como presidente do Tribunal de Contas da Uni\u00e3o (TCU) e da vice-presidente, Ministra Ana Arraes.&nbsp;<\/div>\n<div style=\"text-align: justify;\">\n<\/div>\n<div style=\"text-align: justify;\">\nTony Gel e Z\u00e9 M\u00facio s\u00e3o amigos h\u00e1 mais de tr\u00eas d\u00e9cadas. A presen\u00e7a do parlamentar na solenidade de posse foi a convite do pr\u00f3prio Ministro.<\/div>\n<div style=\"text-align: justify;\">\n<\/div>\n<div style=\"text-align: justify;\">\n&#8220;Eu sou amigo do Ministro Jos\u00e9 M\u00facio h\u00e1 muito tempo, h\u00e1 mais de 30 anos. E, com ele, eu fui Deputado Federal durante 10 anos. Convivi com ele no Congresso Nacional, uma boa amizade, um bom companheiro e Jos\u00e9 Mucio tem relevantes servi\u00e7os prestados ao povo de Pernambuco. Fui convidado por ele para assistir a sua posse. Eu estou muito feliz&#8221;, disse Tony Gel.<\/div>\n","protected":false},"excerpt":{"rendered":"<p>O Deputado Estadual Tony Gel (MDB), participou na manh\u00e3 desta ter\u00e7a-feira, 11, em Bras\u00edlia, da posse do Ministro Jos\u00e9 M\u00facio&hellip;<\/p>\n","protected":false},"author":1,"featured_media":0,"comment_status":"open","ping_status":"open","sticky":false,"template":"","format":"standard","meta":{"footnotes":""},"categories":[1],"tags":[2,20,360],"class_list":["post-454","post","type-post","status-publish","format-standard","hentry","category-sem-categoria","tag-blog-do-edvaldo-magalhaes","tag-politica","tag-tony-gel-participa-da-posse-de-jose-mucio-a-presidencia-do-tcu"],"_links":{"self":[{"href":"https:\/\/blogdoedvaldomagalhaes.com.br\/index.php\/wp-json\/wp\/v2\/posts\/454","targetHints":{"allow":["GET"]}}],"collection":[{"href":"https:\/\/blogdoedvaldomagalhaes.com.br\/index.php\/wp-json\/wp\/v2\/posts"}],"about":[{"href":"https:\/\/blogdoedvaldomagalhaes.com.br\/index.php\/wp-json\/wp\/v2\/types\/post"}],"author":[{"embeddable":true,"href":"https:\/\/blogdoedvaldomagalhaes.com.br\/index.php\/wp-json\/wp\/v2\/users\/1"}],"replies":[{"embeddable":true,"href":"https:\/\/blogdoedvaldomagalhaes.com.br\/index.php\/wp-json\/wp\/v2\/comments?post=454"}],"version-history":[{"count":1,"href":"https:\/\/blogdoedvaldomagalhaes.com.br\/index.php\/wp-json\/wp\/v2\/posts\/454\/revisions"}],"predecessor-version":[{"id":36743,"href":"https:\/\/blogdoedvaldomagalhaes.com.br\/index.php\/wp-json\/wp\/v2\/posts\/454\/revisions\/36743"}],"wp:attachment":[{"href":"https:\/\/blogdoedvaldomagalhaes.com.br\/index.php\/wp-json\/wp\/v2\/media?parent=454"}],"wp:term":[{"taxonomy":"category","embeddable":true,"href":"https:\/\/blogdoedvaldomagalhaes.com.br\/index.php\/wp-json\/wp\/v2\/categories?post=454"},{"taxonomy":"post_tag","embeddable":true,"href":"https:\/\/blogdoedvaldomagalhaes.com.br\/index.php\/wp-json\/wp\/v2\/tags?post=454"}],"curies":[{"name":"wp","href":"https:\/\/api.w.org\/{rel}","templated":true}]}}