{"id":4537,"date":"2017-09-27T15:00:00","date_gmt":"2017-09-27T18:00:00","guid":{"rendered":"http:\/\/blogdoedvaldomagalhaes.com.br\/index.php\/2017\/09\/27\/adolescente-e-torturada-e-baleada-na\/"},"modified":"2019-02-09T01:45:55","modified_gmt":"2019-02-09T03:45:55","slug":"adolescente-e-torturada-e-baleada-na","status":"publish","type":"post","link":"https:\/\/blogdoedvaldomagalhaes.com.br\/index.php\/2017\/09\/27\/adolescente-e-torturada-e-baleada-na\/","title":{"rendered":"Adolescente \u00e9 torturada e baleada na cabe\u00e7a em Caruaru"},"content":{"rendered":"<div class=\"separator\" style=\"clear: both; text-align: center;\">\n<a href=\"https:\/\/4.bp.blogspot.com\/-G2P7OJrjHVo\/Wcu8hwwaK6I\/AAAAAAAAfps\/jzUqXPIfjgg77cFR_1urny6I2ChVxnlLwCLcBGAs\/s1600\/POL%25C3%258DCIA-14.jpg\" imageanchor=\"1\" style=\"margin-left: 1em; margin-right: 1em;\"><img loading=\"lazy\" decoding=\"async\" border=\"0\" data-original-height=\"365\" data-original-width=\"475\" height=\"306\" src=\"http:\/\/blogdoedvaldomagalhaes.com.br\/wp-content\/uploads\/2017\/09\/POLC38DCIA-14.jpg\" width=\"400\" \/><\/a><\/div>\n<div class=\"separator\" style=\"clear: both; text-align: center;\">\nM\u00e3e da adolescente&nbsp;agredida<\/div>\n<div class=\"separator\" style=\"clear: both; text-align: center;\">\nFoto: Arthur Mota\/Folha de Pernambuco<\/div>\n<div style=\"text-align: justify;\">\n<\/div>\n<div style=\"text-align: justify;\">\n<div style=\"background-color: white; box-sizing: border-box; line-height: 24px; margin-bottom: 10px; text-align: justify;\">\nUma adolescente de 16 anos foi internada no Hospital da Restaura\u00e7\u00e3o (HR) \u00e0s 4h da madrugada desta quarta-feira (27) ap\u00f3s levar um tiro de rasp\u00e3o na cabe\u00e7a, cortes nos seios e ter os cabelos cortados em Caruaru, no Agreste de Pernambuco. De acordo com o HR, ela j\u00e1 consegue andar, est\u00e1 tomando soro e come\u00e7ando a se alimentar. A jovem chegou acompanhada da m\u00e3e, uma mulher de 51 anos. \u201cJudiaram muito com minha filha\u201d, disse a mulher.<\/div>\n<div style=\"background-color: white; box-sizing: border-box; line-height: 24px; margin-bottom: 10px; text-align: justify;\">\nA adolescente mora em Toritama, tamb\u00e9m no Agreste, mas o crime aconteceu em Caruaru, na Vila Cana\u00e3. A m\u00e3e contou que a menina foi para a Vila Cana\u00e3 e venderam dois peda\u00e7os de crack a ela. \u201cQuando ela j\u00e1 vinha no caminho, o dono da casa mandou ela voltar para tr\u00e1s e perguntou: \u2018tu t\u00e1s entregando as bocas de fumo daqui, \u00e9? A Pol\u00edcia fica esperando por tu no caminho?\u2019. Ela disse que n\u00e3o, mas ele chamou o amigo, cortaram o cabelo da minha filha e deram um tiro de rasp\u00e3o na cabe\u00e7a dela\u201d, conta a m\u00e3e da jovem. A jovem tamb\u00e9m tem marcas de machucados vermelhos no rosto, de acordo com a m\u00e3e.<\/div>\n<div style=\"background-color: white; box-sizing: border-box; line-height: 24px; margin-bottom: 10px; text-align: justify;\">\n\u201cEle amea\u00e7ou eu e meus outros filhos\u201d, disse a mulher. Segundo ela, \u00e9 a segunda vez que a filha passa por epis\u00f3dios violentos. Da outra vez chamaram ela para dentro de uma casa para usar drogas, mas no caminho doparam a mo\u00e7a, ligaram o r\u00e1dio e a violentaram ela usando peda\u00e7os de carv\u00e3o. \u201cEla tem muita cicatriz nos seios, nos bra\u00e7os. Cortaram a orelha dela, furaram a l\u00edngua dela, na cabe\u00e7a ela tem dois corte\u201d, conta. A m\u00e3e afirma que foram outros os agressores da primeira vez.&nbsp;<\/div>\n<h6 style=\"background-color: white; box-sizing: border-box; line-height: 1.1; margin: 0px 0px 15px; text-align: justify;\">\nDo Portal FolhaPE<\/h6>\n<\/div>\n","protected":false},"excerpt":{"rendered":"<p>M\u00e3e da adolescente&nbsp;agredida Foto: Arthur Mota\/Folha de Pernambuco Uma adolescente de 16 anos foi internada no Hospital da Restaura\u00e7\u00e3o (HR)&hellip;<\/p>\n","protected":false},"author":1,"featured_media":0,"comment_status":"open","ping_status":"open","sticky":false,"template":"","format":"standard","meta":{"footnotes":""},"categories":[1],"tags":[5669,2,5202,13,5670,5404],"class_list":["post-4537","post","type-post","status-publish","format-standard","hentry","category-sem-categoria","tag-adolescente-e-torturada-e-baleada-na-cabeca-em-caruaru","tag-blog-do-edvaldo-magalhaes","tag-hospital-da-restauracao-hr","tag-policial","tag-vila-cannaa","tag-zona-rural-de-caruaru"],"_links":{"self":[{"href":"https:\/\/blogdoedvaldomagalhaes.com.br\/index.php\/wp-json\/wp\/v2\/posts\/4537","targetHints":{"allow":["GET"]}}],"collection":[{"href":"https:\/\/blogdoedvaldomagalhaes.com.br\/index.php\/wp-json\/wp\/v2\/posts"}],"about":[{"href":"https:\/\/blogdoedvaldomagalhaes.com.br\/index.php\/wp-json\/wp\/v2\/types\/post"}],"author":[{"embeddable":true,"href":"https:\/\/blogdoedvaldomagalhaes.com.br\/index.php\/wp-json\/wp\/v2\/users\/1"}],"replies":[{"embeddable":true,"href":"https:\/\/blogdoedvaldomagalhaes.com.br\/index.php\/wp-json\/wp\/v2\/comments?post=4537"}],"version-history":[{"count":1,"href":"https:\/\/blogdoedvaldomagalhaes.com.br\/index.php\/wp-json\/wp\/v2\/posts\/4537\/revisions"}],"predecessor-version":[{"id":24606,"href":"https:\/\/blogdoedvaldomagalhaes.com.br\/index.php\/wp-json\/wp\/v2\/posts\/4537\/revisions\/24606"}],"wp:attachment":[{"href":"https:\/\/blogdoedvaldomagalhaes.com.br\/index.php\/wp-json\/wp\/v2\/media?parent=4537"}],"wp:term":[{"taxonomy":"category","embeddable":true,"href":"https:\/\/blogdoedvaldomagalhaes.com.br\/index.php\/wp-json\/wp\/v2\/categories?post=4537"},{"taxonomy":"post_tag","embeddable":true,"href":"https:\/\/blogdoedvaldomagalhaes.com.br\/index.php\/wp-json\/wp\/v2\/tags?post=4537"}],"curies":[{"name":"wp","href":"https:\/\/api.w.org\/{rel}","templated":true}]}}