{"id":45325,"date":"2019-08-14T19:33:23","date_gmt":"2019-08-14T22:33:23","guid":{"rendered":"http:\/\/blogdoedvaldomagalhaes.com.br\/?p=45325"},"modified":"2019-08-14T19:33:27","modified_gmt":"2019-08-14T22:33:27","slug":"1a-pre-conferencia-da-mulher-em-caruaru-nesta-sexta-16","status":"publish","type":"post","link":"https:\/\/blogdoedvaldomagalhaes.com.br\/index.php\/2019\/08\/14\/1a-pre-conferencia-da-mulher-em-caruaru-nesta-sexta-16\/","title":{"rendered":"1\u00aa Pr\u00e9-Confer\u00eancia da Mulher em Caruaru nesta sexta (16)"},"content":{"rendered":"<p style=\"text-align: justify;\"><span style=\"font-size: inherit;\">Prefeitura de Caruaru, atrav\u00e9s da Secretaria de Pol\u00edticas para Mulheres, realizar\u00e1 no m\u00eas de agosto seis pr\u00e9-confer\u00eancias municipais de Pol\u00edticas para Mulheres. Os encontros constituem etapas pr\u00e9vias para a III Confer\u00eancia Municipal de Pol\u00edticas para as Mulheres (CMPM), que acontecer\u00e1 nos dias 13 e 14 de setembro.<\/span><\/p>\n<p style=\"text-align: justify;\">O objetivo \u00e9 ouvir as mulheres das comunidades e apresentar propostas de pol\u00edticas p\u00fablicas que ser\u00e3o debatidas na Confer\u00eancia Municipal no pr\u00f3ximo m\u00eas, e que devem ser efetivadas nos pr\u00f3ximos anos.<\/p>\n<p style=\"text-align: justify;\">\u201cAo fazermos as pr\u00e9-confer\u00eancias de forma descentralizada, n\u00f3s estamos garantindo que as mulheres participem dessas discuss\u00f5es. Quando realizamos seis encontros, \u00e9 para contemplar diversas mulheres, com realidades e localidades diferentes\u201d, destaca a secret\u00e1ria de Pol\u00edticas para Mulheres, Juliana Gouveia.<\/p>\n<p style=\"text-align: justify;\">III Confer\u00eancia Municipal de Pol\u00edticas para Mulheres<\/p>\n<p style=\"text-align: justify;\">\nA III Confer\u00eancia Municipal ter\u00e1 como tema: &#8220;Participa\u00e7\u00e3o pol\u00edtica das mulheres: um caminho para efetiva\u00e7\u00e3o da democracia\u201d. O objetivo do encontro \u00e9 discutir e elaborar pol\u00edticas p\u00fablicas que fortale\u00e7am a autonomia econ\u00f4mica, social, cultural e pol\u00edtica das mulheres; contribuindo para a erradica\u00e7\u00e3o da extrema pobreza, das desigualdades entre homens e mulheres e para o exerc\u00edcio pleno da cidadania das mulheres no munic\u00edpio de Caruaru.<\/p>\n<p style=\"text-align: justify;\">CALEND\u00c1RIO DAS PR\u00c9-CONFER\u00caNCIAS \u2013 AGOSTO DE 2019<br \/>\n1\u00aa) 16\/08 (sexta) \u2013 Noite \u2013 19h \u00e0s 21h &#8211; TGS 1- Escola Presidente Kennedy Posto Agamenon.<br \/>\n2\u00aa) 21\/08 (quarta) \u2013 Noite &#8211; 19h \u00e0s 21h &#8211; Rendeiras e Cedro. Escola Altair Porto.<br \/>\n3\u00aa) 23\/08 (sexta) &#8211; Noite &#8211; 19h \u00e0s 21h &#8211; TGS 4- Xicuru. Escola Municipal Intermedi\u00e1ria Maria do Socorro de Freitas.<br \/>\n4\u00aa) 24\/08 (s\u00e1bado) \u2013 Tarde \u2013 14h \u00e0s 17h \u2013 Ju\u00e1. Escola Maria Felix.<br \/>\n5\u00aa) 28\/08 (quarta) &#8211; Noite &#8211; 19h \u00e0s 21h &#8211; Malhada de Pedra. Escola Municipal Natalice Limeira.<br \/>\n6\u00aa) 30\/08 (sexta) &#8211; Noite \u2013 19h \u00e0s 21h &#8211; Sol Poente. Escola Municipal Cristina Tavares.<\/p>\n","protected":false},"excerpt":{"rendered":"<p>Prefeitura de Caruaru, atrav\u00e9s da Secretaria de Pol\u00edticas para Mulheres, realizar\u00e1 no m\u00eas de agosto seis pr\u00e9-confer\u00eancias municipais de Pol\u00edticas&hellip;<\/p>\n","protected":false},"author":1,"featured_media":45326,"comment_status":"closed","ping_status":"open","sticky":false,"template":"","format":"standard","meta":{"footnotes":""},"categories":[14120],"tags":[15821,2,1950,5959],"class_list":["post-45325","post","type-post","status-publish","format-standard","has-post-thumbnail","hentry","category-noticias","tag-1a-pre-conferencia-da-mulher-em-caruaru-nesta-sexta-16","tag-blog-do-edvaldo-magalhaes","tag-noticias-de-caruaru","tag-posto-agamenon"],"_links":{"self":[{"href":"https:\/\/blogdoedvaldomagalhaes.com.br\/index.php\/wp-json\/wp\/v2\/posts\/45325","targetHints":{"allow":["GET"]}}],"collection":[{"href":"https:\/\/blogdoedvaldomagalhaes.com.br\/index.php\/wp-json\/wp\/v2\/posts"}],"about":[{"href":"https:\/\/blogdoedvaldomagalhaes.com.br\/index.php\/wp-json\/wp\/v2\/types\/post"}],"author":[{"embeddable":true,"href":"https:\/\/blogdoedvaldomagalhaes.com.br\/index.php\/wp-json\/wp\/v2\/users\/1"}],"replies":[{"embeddable":true,"href":"https:\/\/blogdoedvaldomagalhaes.com.br\/index.php\/wp-json\/wp\/v2\/comments?post=45325"}],"version-history":[{"count":1,"href":"https:\/\/blogdoedvaldomagalhaes.com.br\/index.php\/wp-json\/wp\/v2\/posts\/45325\/revisions"}],"predecessor-version":[{"id":45327,"href":"https:\/\/blogdoedvaldomagalhaes.com.br\/index.php\/wp-json\/wp\/v2\/posts\/45325\/revisions\/45327"}],"wp:featuredmedia":[{"embeddable":true,"href":"https:\/\/blogdoedvaldomagalhaes.com.br\/index.php\/wp-json\/wp\/v2\/media\/45326"}],"wp:attachment":[{"href":"https:\/\/blogdoedvaldomagalhaes.com.br\/index.php\/wp-json\/wp\/v2\/media?parent=45325"}],"wp:term":[{"taxonomy":"category","embeddable":true,"href":"https:\/\/blogdoedvaldomagalhaes.com.br\/index.php\/wp-json\/wp\/v2\/categories?post=45325"},{"taxonomy":"post_tag","embeddable":true,"href":"https:\/\/blogdoedvaldomagalhaes.com.br\/index.php\/wp-json\/wp\/v2\/tags?post=45325"}],"curies":[{"name":"wp","href":"https:\/\/api.w.org\/{rel}","templated":true}]}}