{"id":45317,"date":"2019-08-14T18:01:35","date_gmt":"2019-08-14T21:01:35","guid":{"rendered":"http:\/\/blogdoedvaldomagalhaes.com.br\/?p=45317"},"modified":"2019-08-15T11:59:44","modified_gmt":"2019-08-15T14:59:44","slug":"conselho-municipal-de-educacao-emite-nota-de-esclarecimento","status":"publish","type":"post","link":"https:\/\/blogdoedvaldomagalhaes.com.br\/index.php\/2019\/08\/14\/conselho-municipal-de-educacao-emite-nota-de-esclarecimento\/","title":{"rendered":"Conselho Municipal de Educa\u00e7\u00e3o emite Nota de Esclarecimento"},"content":{"rendered":"<p>NOTA DE ESCLARECIMENTO<\/p>\n<p style=\"text-align: justify;\">O Conselho Municipal de Educa\u00e7\u00e3o &#8211; CME, no uso de suas atribui\u00e7\u00f5es legais, diante da procura da m\u00eddia falada e escrita quando acontece algum tipo de acidente em alguma escola da Rede Municipal de Ensino, vem esclarecer ao p\u00fablico em geral que, n\u00e3o \u00e9 de sua compet\u00eancia a fiscaliza\u00e7\u00e3o de pr\u00e9dios p\u00fablicos ou particulares onde funcionem estabelecimentos escolares no que diz respeito \u00e0 estrutura f\u00edsica dos mesmos, pois n\u00e3o foi criado para este fim e sequer disp\u00f5e em sua composi\u00e7\u00e3o de pessoas qualificadas a este mister, como por exemplo, engenheiros, bombeiros, eletricistas, etc.<br \/>\nA compet\u00eancia do CME est\u00e1 bem definida em sua Lei de Cria\u00e7\u00e3o que explicita ser finalidade b\u00e1sica deste Conselho o assessoramento ao Governo Municipal na formula\u00e7\u00e3o das pol\u00edticas educacionais do Munic\u00edpio, assim como em seu Regimento Interno, onde tamb\u00e9m n\u00e3o \u00e9 encontrada esta obriga\u00e7\u00e3o de fiscalizador das estruturas f\u00edsicas das escolas municipais. Do mesmo modo n\u00e3o h\u00e1 nenhum artigo neste sentido na Lei de Cria\u00e7\u00e3o do Sistema Municipal de Educa\u00e7\u00e3o de Caruaru.<br \/>\nEm assim sendo, o Conselho Municipal de Educa\u00e7\u00e3o espera haver esclarecido esta quest\u00e3o, nunca esquecendo que o nosso intuito \u00e9 de contribuir com intensidade para a consolida\u00e7\u00e3o do processo democr\u00e1tico do nosso Pa\u00eds e em particular da Educa\u00e7\u00e3o P\u00fablica, Gratuita e de Qualidade para todos em nosso Munic\u00edpio.<\/p>\n<p style=\"text-align: justify;\">Atenciosamente,<\/p>\n<p style=\"text-align: justify;\">L\u00facia de F\u00e1tima Rabelo Pessoa Siqueira<br \/>\nPresidente do CME<\/p>\n","protected":false},"excerpt":{"rendered":"<p>NOTA DE ESCLARECIMENTO O Conselho Municipal de Educa\u00e7\u00e3o &#8211; CME, no uso de suas atribui\u00e7\u00f5es legais, diante da procura da&hellip;<\/p>\n","protected":false},"author":1,"featured_media":45318,"comment_status":"closed","ping_status":"open","sticky":false,"template":"","format":"standard","meta":{"footnotes":""},"categories":[14120],"tags":[2,15818,1950],"class_list":["post-45317","post","type-post","status-publish","format-standard","has-post-thumbnail","hentry","category-noticias","tag-blog-do-edvaldo-magalhaes","tag-conselho-municipal-de-educacao-emite-nota-de-esclarecimento","tag-noticias-de-caruaru"],"_links":{"self":[{"href":"https:\/\/blogdoedvaldomagalhaes.com.br\/index.php\/wp-json\/wp\/v2\/posts\/45317","targetHints":{"allow":["GET"]}}],"collection":[{"href":"https:\/\/blogdoedvaldomagalhaes.com.br\/index.php\/wp-json\/wp\/v2\/posts"}],"about":[{"href":"https:\/\/blogdoedvaldomagalhaes.com.br\/index.php\/wp-json\/wp\/v2\/types\/post"}],"author":[{"embeddable":true,"href":"https:\/\/blogdoedvaldomagalhaes.com.br\/index.php\/wp-json\/wp\/v2\/users\/1"}],"replies":[{"embeddable":true,"href":"https:\/\/blogdoedvaldomagalhaes.com.br\/index.php\/wp-json\/wp\/v2\/comments?post=45317"}],"version-history":[{"count":2,"href":"https:\/\/blogdoedvaldomagalhaes.com.br\/index.php\/wp-json\/wp\/v2\/posts\/45317\/revisions"}],"predecessor-version":[{"id":45329,"href":"https:\/\/blogdoedvaldomagalhaes.com.br\/index.php\/wp-json\/wp\/v2\/posts\/45317\/revisions\/45329"}],"wp:featuredmedia":[{"embeddable":true,"href":"https:\/\/blogdoedvaldomagalhaes.com.br\/index.php\/wp-json\/wp\/v2\/media\/45318"}],"wp:attachment":[{"href":"https:\/\/blogdoedvaldomagalhaes.com.br\/index.php\/wp-json\/wp\/v2\/media?parent=45317"}],"wp:term":[{"taxonomy":"category","embeddable":true,"href":"https:\/\/blogdoedvaldomagalhaes.com.br\/index.php\/wp-json\/wp\/v2\/categories?post=45317"},{"taxonomy":"post_tag","embeddable":true,"href":"https:\/\/blogdoedvaldomagalhaes.com.br\/index.php\/wp-json\/wp\/v2\/tags?post=45317"}],"curies":[{"name":"wp","href":"https:\/\/api.w.org\/{rel}","templated":true}]}}