{"id":45310,"date":"2019-08-14T17:28:11","date_gmt":"2019-08-14T20:28:11","guid":{"rendered":"http:\/\/blogdoedvaldomagalhaes.com.br\/?p=45310"},"modified":"2019-08-14T17:39:16","modified_gmt":"2019-08-14T20:39:16","slug":"prefeitura-de-caruaru-entrega-equipamentos-e-maquinas-agricolas","status":"publish","type":"post","link":"https:\/\/blogdoedvaldomagalhaes.com.br\/index.php\/2019\/08\/14\/prefeitura-de-caruaru-entrega-equipamentos-e-maquinas-agricolas\/","title":{"rendered":"Prefeitura de Caruaru entrega equipamentos e m\u00e1quinas agr\u00edcolas"},"content":{"rendered":"\n<p><em>O maquin\u00e1rio ir\u00e1 beneficiar a popula\u00e7\u00e3o da Zona Rural do munic\u00edpio<\/em><\/p>\n\n\n\n<figure class=\"wp-block-image\"><img loading=\"lazy\" decoding=\"async\" width=\"1024\" height=\"682\" src=\"http:\/\/blogdoedvaldomagalhaes.com.br\/wp-content\/uploads\/2019\/08\/IMG-20190814-WA0116-1024x682.jpg\" alt=\"\" class=\"wp-image-45311\" srcset=\"https:\/\/blogdoedvaldomagalhaes.com.br\/wp-content\/uploads\/2019\/08\/IMG-20190814-WA0116-1024x682.jpg 1024w, https:\/\/blogdoedvaldomagalhaes.com.br\/wp-content\/uploads\/2019\/08\/IMG-20190814-WA0116-300x200.jpg 300w, https:\/\/blogdoedvaldomagalhaes.com.br\/wp-content\/uploads\/2019\/08\/IMG-20190814-WA0116-768x512.jpg 768w, https:\/\/blogdoedvaldomagalhaes.com.br\/wp-content\/uploads\/2019\/08\/IMG-20190814-WA0116.jpg 1280w\" sizes=\"auto, (max-width: 1024px) 100vw, 1024px\" \/><\/figure>\n\n\n\n<p>Nesta quarta-feira (14), a Prefeitura de Caruaru, atrav\u00e9s Secretaria de Sustentabilidade e Desenvolvimento Rural (SUDER), realizou a entrega de m\u00e1quinas e equipamentos agr\u00edcolas que ir\u00e3o contribuir para a melhoria da vida no campo. O maquin\u00e1rio ser\u00e1 utilizado nas a\u00e7\u00f5es da campanha Zona Rural Mais Forte, no melhoramento das estradas rurais, constru\u00e7\u00e3o e recupera\u00e7\u00e3o de a\u00e7udes e barreiros, aumento da produ\u00e7\u00e3o de alimentos com ara\u00e7\u00e3o de terras, bem como a recupera\u00e7\u00e3o das estradas locais, para garantir a acessibilidade das pessoas visando, com isso, um desenvolvimento territorial regional sustent\u00e1vel.<\/p>\n\n\n\n<figure class=\"wp-block-image\"><img loading=\"lazy\" decoding=\"async\" width=\"1024\" height=\"682\" src=\"http:\/\/blogdoedvaldomagalhaes.com.br\/wp-content\/uploads\/2019\/08\/IMG-20190814-WA0114-1024x682.jpg\" alt=\"\" class=\"wp-image-45312\" srcset=\"https:\/\/blogdoedvaldomagalhaes.com.br\/wp-content\/uploads\/2019\/08\/IMG-20190814-WA0114-1024x682.jpg 1024w, https:\/\/blogdoedvaldomagalhaes.com.br\/wp-content\/uploads\/2019\/08\/IMG-20190814-WA0114-300x200.jpg 300w, https:\/\/blogdoedvaldomagalhaes.com.br\/wp-content\/uploads\/2019\/08\/IMG-20190814-WA0114-768x512.jpg 768w, https:\/\/blogdoedvaldomagalhaes.com.br\/wp-content\/uploads\/2019\/08\/IMG-20190814-WA0114.jpg 1280w\" sizes=\"auto, (max-width: 1024px) 100vw, 1024px\" \/><\/figure>\n\n\n\n<p>A prefeita do munic\u00edpio, Raquel Lyra, esteve presente no evento e junto com o secret\u00e1rio da SUDER, Bruno Fran\u00e7a, fez a entrega de quatro equipamentos, sendo eles um trator de arado mais a grade aradora no valor de R$ 87.450,00, adquirido atrav\u00e9s do Instituto Nacional de Coloniza\u00e7\u00e3o e Reforma Agr\u00e1ria \u2013 INCRA, outro trator de arado mais grade aradora, no valor de R$ 89.450,00, atrav\u00e9s do Minist\u00e9rio do Desenvolvimento Regional e da Companhia de Desenvolvimento dos Vales do S\u00e3o Francisco e do Parna\u00edba, al\u00e9m da entrega de um trator retroescavadeira no valor de R$ 188.100,00 e um trator p\u00e1 carregadeira no valor de R$ 325.000,00, adquiridos com recursos da Uni\u00e3o, Minist\u00e9rio da Agricultura e Abastecimento, totalizando R$ 690.000,00.<\/p>\n\n\n\n<figure class=\"wp-block-image\"><img loading=\"lazy\" decoding=\"async\" width=\"1024\" height=\"682\" src=\"http:\/\/blogdoedvaldomagalhaes.com.br\/wp-content\/uploads\/2019\/08\/IMG-20190814-WA0115-1-1024x682.jpg\" alt=\"\" class=\"wp-image-45313\" srcset=\"https:\/\/blogdoedvaldomagalhaes.com.br\/wp-content\/uploads\/2019\/08\/IMG-20190814-WA0115-1-1024x682.jpg 1024w, https:\/\/blogdoedvaldomagalhaes.com.br\/wp-content\/uploads\/2019\/08\/IMG-20190814-WA0115-1-300x200.jpg 300w, https:\/\/blogdoedvaldomagalhaes.com.br\/wp-content\/uploads\/2019\/08\/IMG-20190814-WA0115-1-768x512.jpg 768w, https:\/\/blogdoedvaldomagalhaes.com.br\/wp-content\/uploads\/2019\/08\/IMG-20190814-WA0115-1.jpg 1280w\" sizes=\"auto, (max-width: 1024px) 100vw, 1024px\" \/><figcaption>Fotos: Arnaldo F\u00e9lix<\/figcaption><\/figure>\n\n\n\n<p>\u201c\u00c9 uma alegria poder mostrar o nosso respeito \u00e0 popula\u00e7\u00e3o da Zona Rural de Caruaru, onde moram 70 mil pessoas e a gente celebra a cultura do homem e da mulher do campo e tamb\u00e9m chega com trabalho. Chega com estrada, com ara\u00e7\u00e3o de terra, com silagem, sem escolher quem s\u00e3o os benefici\u00e1rios. N\u00f3s fazemos para todos, para a popula\u00e7\u00e3o que precisa\u201d, frisou a prefeita Raquel Lyra. \u201cHoje \u00e9 um dia muito importante para a nossa cidade com a entrega dos equipamentos, e j\u00e1 compartilhando a boa not\u00edcia de que conseguimos a libera\u00e7\u00e3o de mais um recurso, sendo esse da Caixa Econ\u00f4mica Federal, para o recebimento de mais uma m\u00e1quina para beneficiar o homem do campo com a\u00e7\u00f5es de silagem, ara\u00e7\u00e3o, recupera\u00e7\u00e3o de estrada. \u00c9 um ganho para a nossa cidade e para a popula\u00e7\u00e3o de Caruaru\u201d, destacou o secret\u00e1rio da SUDER, Bruno Fran\u00e7a.<\/p>\n","protected":false},"excerpt":{"rendered":"<p>O maquin\u00e1rio ir\u00e1 beneficiar a popula\u00e7\u00e3o da Zona Rural do munic\u00edpio Nesta quarta-feira (14), a Prefeitura de Caruaru, atrav\u00e9s Secretaria&hellip;<\/p>\n","protected":false},"author":1,"featured_media":45314,"comment_status":"closed","ping_status":"open","sticky":false,"template":"","format":"standard","meta":{"footnotes":""},"categories":[14122],"tags":[2,15816,1229],"class_list":["post-45310","post","type-post","status-publish","format-standard","has-post-thumbnail","hentry","category-politica","tag-blog-do-edvaldo-magalhaes","tag-prefeitura-de-caruaru-entrega-equipamentos-e-maquinas-agricolas","tag-raquel-lyra"],"_links":{"self":[{"href":"https:\/\/blogdoedvaldomagalhaes.com.br\/index.php\/wp-json\/wp\/v2\/posts\/45310","targetHints":{"allow":["GET"]}}],"collection":[{"href":"https:\/\/blogdoedvaldomagalhaes.com.br\/index.php\/wp-json\/wp\/v2\/posts"}],"about":[{"href":"https:\/\/blogdoedvaldomagalhaes.com.br\/index.php\/wp-json\/wp\/v2\/types\/post"}],"author":[{"embeddable":true,"href":"https:\/\/blogdoedvaldomagalhaes.com.br\/index.php\/wp-json\/wp\/v2\/users\/1"}],"replies":[{"embeddable":true,"href":"https:\/\/blogdoedvaldomagalhaes.com.br\/index.php\/wp-json\/wp\/v2\/comments?post=45310"}],"version-history":[{"count":2,"href":"https:\/\/blogdoedvaldomagalhaes.com.br\/index.php\/wp-json\/wp\/v2\/posts\/45310\/revisions"}],"predecessor-version":[{"id":45316,"href":"https:\/\/blogdoedvaldomagalhaes.com.br\/index.php\/wp-json\/wp\/v2\/posts\/45310\/revisions\/45316"}],"wp:featuredmedia":[{"embeddable":true,"href":"https:\/\/blogdoedvaldomagalhaes.com.br\/index.php\/wp-json\/wp\/v2\/media\/45314"}],"wp:attachment":[{"href":"https:\/\/blogdoedvaldomagalhaes.com.br\/index.php\/wp-json\/wp\/v2\/media?parent=45310"}],"wp:term":[{"taxonomy":"category","embeddable":true,"href":"https:\/\/blogdoedvaldomagalhaes.com.br\/index.php\/wp-json\/wp\/v2\/categories?post=45310"},{"taxonomy":"post_tag","embeddable":true,"href":"https:\/\/blogdoedvaldomagalhaes.com.br\/index.php\/wp-json\/wp\/v2\/tags?post=45310"}],"curies":[{"name":"wp","href":"https:\/\/api.w.org\/{rel}","templated":true}]}}