{"id":453,"date":"2018-12-11T19:12:00","date_gmt":"2018-12-11T21:12:00","guid":{"rendered":"http:\/\/blogdoedvaldomagalhaes.com.br\/index.php\/2018\/12\/11\/confira-programacao-de-fim-de-ano-da\/"},"modified":"2019-02-09T02:45:45","modified_gmt":"2019-02-09T04:45:45","slug":"confira-programacao-de-fim-de-ano-da","status":"publish","type":"post","link":"https:\/\/blogdoedvaldomagalhaes.com.br\/index.php\/2018\/12\/11\/confira-programacao-de-fim-de-ano-da\/","title":{"rendered":"Confira a programa\u00e7\u00e3o de fim de ano da Catedral de Caruaru"},"content":{"rendered":"<div class=\"separator\" style=\"clear: both; text-align: center;\">\n<a href=\"https:\/\/4.bp.blogspot.com\/-eDneKRWhRI0\/XBALgLnbJqI\/AAAAAAAA_n8\/j-k3-n6Ju6ATcb5I_HVBKdUdhFkTcHmuwCLcBGAs\/s1600\/IMG-20181211-WA0190.jpg\" imageanchor=\"1\" style=\"margin-left: 1em; margin-right: 1em;\"><img loading=\"lazy\" decoding=\"async\" border=\"0\" data-original-height=\"628\" data-original-width=\"1200\" height=\"334\" src=\"http:\/\/blogdoedvaldomagalhaes.com.br\/wp-content\/uploads\/2018\/12\/IMG-20181211-WA0190.jpg\" width=\"640\" \/><\/a><\/div>\n<div class=\"separator\" style=\"clear: both; text-align: center;\">\nFoto: Ascom\/Pastoral&nbsp;<\/div>\n<p><\/p>\n<div style=\"text-align: justify;\">\nA Catedral de Nossa Senhora das Dores ter\u00e1 uma vasta programa\u00e7\u00e3o neste per\u00edodo de fim de ano. Para iniciar as atividades, no dia 15, pr\u00f3ximo s\u00e1bado, \u00e0s 17h30 haver\u00e1 o envio para as novenas de Natal. No domingo (16), a partir das 19h, \u00e9 a vez do Natal de Canto e Luz, a tradicional cantata do Pal\u00e1cio Episcopal.<\/div>\n<div style=\"text-align: justify;\">\n<\/div>\n<div style=\"text-align: justify;\">\nQuarta (19), \u00e0s 19h30, ser\u00e1 realizado um momento em mem\u00f3ria dos 25 anos da chegada do 3o Bispo Diocesano de Caruaru, Dom Soares Costa. Na oportunidade ser\u00e1 feito o lan\u00e7amento do livro que conta sua biografia. Na quinta (20) \u00e9 a vez dos fi\u00e9is participarem da Celebra\u00e7\u00e3o Penitencial. J\u00e1 na sexta (21) ser\u00e1 realizado o Natal com os moradores de rua.<\/div>\n<div style=\"text-align: justify;\">\n<\/div>\n<div style=\"text-align: justify;\">\nO domingo (23) marca o encerramento das novenas natalinas com a noite cultural, onde ser\u00e1 realizada a encena\u00e7\u00e3o do Auto de Natal e a cantata natalina com os corais da Catedral. Segunda (24) a programa\u00e7\u00e3o conta com duas missas de vig\u00edlia de Natal, uma \u00e0s 17h na Igreja da Concei\u00e7\u00e3o e outra \u00e0s 21h na Catedral. Na ter\u00e7a (25), \u00e0s 18h, Missa Solene de Natal. Na quinta (27) ser\u00e1 a vez da celebra\u00e7\u00e3o de ordena\u00e7\u00e3o diaconal, a partir das 19h.&nbsp;<\/div>\n<div style=\"text-align: justify;\">\n<\/div>\n<div style=\"text-align: justify;\">\nA programa\u00e7\u00e3o segue na sexta (28) com a confraterniza\u00e7\u00e3o paroquial da Catedral. No \u00faltimo dia do ano (31) os fi\u00e9is poder\u00e3o participar da missa \u00e0s 19h na Igreja da Concei\u00e7\u00e3o ou \u00e0s 22h na Catedral e na Capela do Monte Bom Jesus. Para os que desejam passar a virada de ano bem pr\u00f3ximos a Jesus, \u00e0s 23h ser\u00e1 iniciada a Vig\u00edlia Eucar\u00edstica na Catedral, seguida da Ben\u00e7\u00e3o do Sant\u00edssimo Sacramento na chegada do ano novo. No dia 01 de janeiro de 2019 haver\u00e1 a missa de Ano Novo \u00e0s 18h na Catedral.<\/div>\n","protected":false},"excerpt":{"rendered":"<p>Foto: Ascom\/Pastoral&nbsp; A Catedral de Nossa Senhora das Dores ter\u00e1 uma vasta programa\u00e7\u00e3o neste per\u00edodo de fim de ano. Para&hellip;<\/p>\n","protected":false},"author":1,"featured_media":0,"comment_status":"open","ping_status":"open","sticky":false,"template":"","format":"standard","meta":{"footnotes":""},"categories":[1],"tags":[2,359,6],"class_list":["post-453","post","type-post","status-publish","format-standard","hentry","category-sem-categoria","tag-blog-do-edvaldo-magalhaes","tag-confira-a-programacao-de-fim-de-ano-da-catedral-de-caruaru","tag-noticias"],"_links":{"self":[{"href":"https:\/\/blogdoedvaldomagalhaes.com.br\/index.php\/wp-json\/wp\/v2\/posts\/453","targetHints":{"allow":["GET"]}}],"collection":[{"href":"https:\/\/blogdoedvaldomagalhaes.com.br\/index.php\/wp-json\/wp\/v2\/posts"}],"about":[{"href":"https:\/\/blogdoedvaldomagalhaes.com.br\/index.php\/wp-json\/wp\/v2\/types\/post"}],"author":[{"embeddable":true,"href":"https:\/\/blogdoedvaldomagalhaes.com.br\/index.php\/wp-json\/wp\/v2\/users\/1"}],"replies":[{"embeddable":true,"href":"https:\/\/blogdoedvaldomagalhaes.com.br\/index.php\/wp-json\/wp\/v2\/comments?post=453"}],"version-history":[{"count":1,"href":"https:\/\/blogdoedvaldomagalhaes.com.br\/index.php\/wp-json\/wp\/v2\/posts\/453\/revisions"}],"predecessor-version":[{"id":36745,"href":"https:\/\/blogdoedvaldomagalhaes.com.br\/index.php\/wp-json\/wp\/v2\/posts\/453\/revisions\/36745"}],"wp:attachment":[{"href":"https:\/\/blogdoedvaldomagalhaes.com.br\/index.php\/wp-json\/wp\/v2\/media?parent=453"}],"wp:term":[{"taxonomy":"category","embeddable":true,"href":"https:\/\/blogdoedvaldomagalhaes.com.br\/index.php\/wp-json\/wp\/v2\/categories?post=453"},{"taxonomy":"post_tag","embeddable":true,"href":"https:\/\/blogdoedvaldomagalhaes.com.br\/index.php\/wp-json\/wp\/v2\/tags?post=453"}],"curies":[{"name":"wp","href":"https:\/\/api.w.org\/{rel}","templated":true}]}}