{"id":452,"date":"2018-12-11T21:12:00","date_gmt":"2018-12-11T23:12:00","guid":{"rendered":"http:\/\/blogdoedvaldomagalhaes.com.br\/index.php\/2018\/12\/11\/homem-preso-com-arma-e-drogas-em-caruaru\/"},"modified":"2019-02-09T02:45:46","modified_gmt":"2019-02-09T04:45:46","slug":"homem-preso-com-arma-e-drogas-em-caruaru","status":"publish","type":"post","link":"https:\/\/blogdoedvaldomagalhaes.com.br\/index.php\/2018\/12\/11\/homem-preso-com-arma-e-drogas-em-caruaru\/","title":{"rendered":"Homem preso com arma e drogas em Caruaru"},"content":{"rendered":"<div class=\"separator\" style=\"clear: both; text-align: center;\">\n<a href=\"https:\/\/1.bp.blogspot.com\/-skeMLObSCxg\/XBAnDKthOQI\/AAAAAAAA_oE\/tQInVycxDNUJadU1F-ntE-QlTjWlBqOCQCLcBGAs\/s1600\/IMG-20181211-WA0210.jpg\" imageanchor=\"1\" style=\"margin-left: 1em; margin-right: 1em;\"><img loading=\"lazy\" decoding=\"async\" border=\"0\" data-original-height=\"960\" data-original-width=\"1280\" height=\"480\" src=\"http:\/\/blogdoedvaldomagalhaes.com.br\/wp-content\/uploads\/2018\/12\/IMG-20181211-WA0210.jpg\" width=\"640\" \/><\/a><\/div>\n<div class=\"separator\" style=\"clear: both; text-align: center;\">\nFoto: PMPE\/Divulga\u00e7\u00e3o&nbsp;<\/div>\n<p><\/p>\n<div style=\"text-align: justify;\">\nPoliciais militares do 4\u00ba BPM e do 1\u00ba Batalh\u00e3o Integrado Especializado (BIESP) prenderam um homem com armas e drogas, no bairro Agamenon Magalh\u00e3es, em Caruaru. Na a\u00e7\u00e3o, foram aprendidos um rev\u00f3lver calibre 38; 12 muni\u00e7\u00f5es; tr\u00eas por\u00e7\u00f5es de maconha; 15g de coca\u00edna; uma balaclava e uma balan\u00e7a de precis\u00e3o.<\/div>\n<div style=\"text-align: justify;\">\n<\/div>\n<div style=\"text-align: justify;\">\nAs equipes receberam informa\u00e7\u00f5es acerca do tr\u00e1fico de drogas na regi\u00e3o, e ao chegar ao endere\u00e7o indicado, encontraram o suspeito. Na resid\u00eancia dele, os PMs encontraram todo o material. A ocorr\u00eancia foi encaminhada para a Delegacia onde foi atuado em flagrante.<\/div>\n<div style=\"text-align: justify;\">\n<\/div>\n<div style=\"text-align: justify;\">\nInforma\u00e7\u00f5es: Pol\u00edcia Militar de Pernambuco.&nbsp;<\/div>\n","protected":false},"excerpt":{"rendered":"<p>Foto: PMPE\/Divulga\u00e7\u00e3o&nbsp; Policiais militares do 4\u00ba BPM e do 1\u00ba Batalh\u00e3o Integrado Especializado (BIESP) prenderam um homem com armas e&hellip;<\/p>\n","protected":false},"author":1,"featured_media":0,"comment_status":"open","ping_status":"open","sticky":false,"template":"","format":"standard","meta":{"footnotes":""},"categories":[1],"tags":[2,13],"class_list":["post-452","post","type-post","status-publish","format-standard","hentry","category-sem-categoria","tag-blog-do-edvaldo-magalhaes","tag-policial"],"_links":{"self":[{"href":"https:\/\/blogdoedvaldomagalhaes.com.br\/index.php\/wp-json\/wp\/v2\/posts\/452","targetHints":{"allow":["GET"]}}],"collection":[{"href":"https:\/\/blogdoedvaldomagalhaes.com.br\/index.php\/wp-json\/wp\/v2\/posts"}],"about":[{"href":"https:\/\/blogdoedvaldomagalhaes.com.br\/index.php\/wp-json\/wp\/v2\/types\/post"}],"author":[{"embeddable":true,"href":"https:\/\/blogdoedvaldomagalhaes.com.br\/index.php\/wp-json\/wp\/v2\/users\/1"}],"replies":[{"embeddable":true,"href":"https:\/\/blogdoedvaldomagalhaes.com.br\/index.php\/wp-json\/wp\/v2\/comments?post=452"}],"version-history":[{"count":1,"href":"https:\/\/blogdoedvaldomagalhaes.com.br\/index.php\/wp-json\/wp\/v2\/posts\/452\/revisions"}],"predecessor-version":[{"id":36747,"href":"https:\/\/blogdoedvaldomagalhaes.com.br\/index.php\/wp-json\/wp\/v2\/posts\/452\/revisions\/36747"}],"wp:attachment":[{"href":"https:\/\/blogdoedvaldomagalhaes.com.br\/index.php\/wp-json\/wp\/v2\/media?parent=452"}],"wp:term":[{"taxonomy":"category","embeddable":true,"href":"https:\/\/blogdoedvaldomagalhaes.com.br\/index.php\/wp-json\/wp\/v2\/categories?post=452"},{"taxonomy":"post_tag","embeddable":true,"href":"https:\/\/blogdoedvaldomagalhaes.com.br\/index.php\/wp-json\/wp\/v2\/tags?post=452"}],"curies":[{"name":"wp","href":"https:\/\/api.w.org\/{rel}","templated":true}]}}