{"id":45154,"date":"2019-08-09T18:44:35","date_gmt":"2019-08-09T21:44:35","guid":{"rendered":"http:\/\/blogdoedvaldomagalhaes.com.br\/?p=45154"},"modified":"2019-08-09T18:44:38","modified_gmt":"2019-08-09T21:44:38","slug":"audiencia-publica-vai-debater-orcamento-de-caruaru-para-2020","status":"publish","type":"post","link":"https:\/\/blogdoedvaldomagalhaes.com.br\/index.php\/2019\/08\/09\/audiencia-publica-vai-debater-orcamento-de-caruaru-para-2020\/","title":{"rendered":"Audi\u00eancia p\u00fablica vai debater or\u00e7amento de Caruaru para 2020"},"content":{"rendered":"\n<p>A C\u00e2mara Municipal de Caruaru realizar\u00e1 nesta segunda-feira (12), \u00e0s 9h, mais uma Audi\u00eancia P\u00fablica. O debate ser\u00e1 no Plen\u00e1rio da Casa e tratar\u00e1 sobre o Projeto de Lei de Diretrizes Or\u00e7ament\u00e1ria (LDO) de 2020. <\/p>\n\n\n\n<p>A LDO \u00e9 o planejamento das necessidades e metas do governo para o ano seguinte. Ou seja, ela elabora, organiza e executa as prioridades da Gest\u00e3o Municipal para que o dinheiro p\u00fablico n\u00e3o saia do controle.<\/p>\n\n\n\n<p>Estar\u00e3o presentes membros da Comiss\u00e3o de Finan\u00e7as e Or\u00e7amento da C\u00e2mara; Secret\u00e1rio da Fazenda Municipal; Secret\u00e1rio de Planejamento de Gest\u00e3o e Or\u00e7amento e Membros do Centro de Estudos, Pesquisa e Assessoria em Administra\u00e7\u00e3o Municipal (CESPAM).<\/p>\n\n\n\n<p>A LDO foi enviada pela Prefeitura e lida no Plen\u00e1rio na \u00faltima ter\u00e7a-feira (6). A Casa tem a obrigatoriedade de devolver o texto, com emendas, at\u00e9 o dia 31 de agosto.<\/p>\n\n\n\n<p>Foto: Vladimir Barreto.<\/p>\n","protected":false},"excerpt":{"rendered":"<p>A C\u00e2mara Municipal de Caruaru realizar\u00e1 nesta segunda-feira (12), \u00e0s 9h, mais uma Audi\u00eancia P\u00fablica. O debate ser\u00e1 no Plen\u00e1rio&hellip;<\/p>\n","protected":false},"author":1,"featured_media":45155,"comment_status":"closed","ping_status":"open","sticky":false,"template":"","format":"standard","meta":{"footnotes":""},"categories":[14122],"tags":[15767,2,1950],"class_list":["post-45154","post","type-post","status-publish","format-standard","has-post-thumbnail","hentry","category-politica","tag-audiencia-publica-vai-debater-orcamento-de-caruaru-para-2020","tag-blog-do-edvaldo-magalhaes","tag-noticias-de-caruaru"],"_links":{"self":[{"href":"https:\/\/blogdoedvaldomagalhaes.com.br\/index.php\/wp-json\/wp\/v2\/posts\/45154","targetHints":{"allow":["GET"]}}],"collection":[{"href":"https:\/\/blogdoedvaldomagalhaes.com.br\/index.php\/wp-json\/wp\/v2\/posts"}],"about":[{"href":"https:\/\/blogdoedvaldomagalhaes.com.br\/index.php\/wp-json\/wp\/v2\/types\/post"}],"author":[{"embeddable":true,"href":"https:\/\/blogdoedvaldomagalhaes.com.br\/index.php\/wp-json\/wp\/v2\/users\/1"}],"replies":[{"embeddable":true,"href":"https:\/\/blogdoedvaldomagalhaes.com.br\/index.php\/wp-json\/wp\/v2\/comments?post=45154"}],"version-history":[{"count":1,"href":"https:\/\/blogdoedvaldomagalhaes.com.br\/index.php\/wp-json\/wp\/v2\/posts\/45154\/revisions"}],"predecessor-version":[{"id":45156,"href":"https:\/\/blogdoedvaldomagalhaes.com.br\/index.php\/wp-json\/wp\/v2\/posts\/45154\/revisions\/45156"}],"wp:featuredmedia":[{"embeddable":true,"href":"https:\/\/blogdoedvaldomagalhaes.com.br\/index.php\/wp-json\/wp\/v2\/media\/45155"}],"wp:attachment":[{"href":"https:\/\/blogdoedvaldomagalhaes.com.br\/index.php\/wp-json\/wp\/v2\/media?parent=45154"}],"wp:term":[{"taxonomy":"category","embeddable":true,"href":"https:\/\/blogdoedvaldomagalhaes.com.br\/index.php\/wp-json\/wp\/v2\/categories?post=45154"},{"taxonomy":"post_tag","embeddable":true,"href":"https:\/\/blogdoedvaldomagalhaes.com.br\/index.php\/wp-json\/wp\/v2\/tags?post=45154"}],"curies":[{"name":"wp","href":"https:\/\/api.w.org\/{rel}","templated":true}]}}