{"id":45146,"date":"2019-08-09T15:02:53","date_gmt":"2019-08-09T18:02:53","guid":{"rendered":"http:\/\/blogdoedvaldomagalhaes.com.br\/?p=45146"},"modified":"2019-08-10T16:38:53","modified_gmt":"2019-08-10T19:38:53","slug":"1a-copa-italosbela-de-futsal-comeca-neste-sabado-10","status":"publish","type":"post","link":"https:\/\/blogdoedvaldomagalhaes.com.br\/index.php\/2019\/08\/09\/1a-copa-italosbela-de-futsal-comeca-neste-sabado-10\/","title":{"rendered":"1\u00aa Copa \u00cdtalosBela de Futsal come\u00e7a neste s\u00e1bado (10)"},"content":{"rendered":"\n<p>Neste s\u00e1bado (10) acontecer\u00e1 a abertura da <em>1\u00aa Copa \u00cdtalosBela de Futsal<\/em>. Os jogos acontecer\u00e3o no Sesc Caruaru. Ao todo, a competi\u00e7\u00e3o contar\u00e1 com a participa\u00e7\u00e3o de 12 equipes: Ozz Direitinhos, Los Hermanos, Atl\u00e9tico Dalas, Beira Rio, Rota Futsal, Ousados, Jaguar, Atl\u00e9tico Caruaru, Via ADL\/Independente, Sesi Caruaru, Real Sport e o ITEJ. <\/p>\n\n\n\n<figure class=\"wp-block-image\"><img loading=\"lazy\" decoding=\"async\" width=\"1024\" height=\"576\" src=\"http:\/\/blogdoedvaldomagalhaes.com.br\/wp-content\/uploads\/2019\/08\/20190810_150938-1024x576.jpg\" alt=\"\" class=\"wp-image-45164\" srcset=\"https:\/\/blogdoedvaldomagalhaes.com.br\/wp-content\/uploads\/2019\/08\/20190810_150938-1024x576.jpg 1024w, https:\/\/blogdoedvaldomagalhaes.com.br\/wp-content\/uploads\/2019\/08\/20190810_150938-300x169.jpg 300w, https:\/\/blogdoedvaldomagalhaes.com.br\/wp-content\/uploads\/2019\/08\/20190810_150938-768x432.jpg 768w, https:\/\/blogdoedvaldomagalhaes.com.br\/wp-content\/uploads\/2019\/08\/20190810_150938-1140x641.jpg 1140w, https:\/\/blogdoedvaldomagalhaes.com.br\/wp-content\/uploads\/2019\/08\/20190810_150938-720x405.jpg 720w\" sizes=\"auto, (max-width: 1024px) 100vw, 1024px\" \/><\/figure>\n\n\n\n<p>A copa acontecer\u00e1 entre os dias 10 de agosto e 29 de setembro. O campe\u00e3o, al\u00e9m de levantar a ta\u00e7a, levar\u00e1 para casa o pr\u00eamio de R$ 2,5 mil. O vice-campe\u00e3o receber\u00e1 R$ 1 mil. O terceiro lugar receber\u00e1 o pr\u00eamio de R$ 500. Tamb\u00e9m ser\u00e3o ofertados R$ 300 para o artilheiro, e R$ 200 para o melhor goleiro. <\/p>\n\n\n\n\n\n<p>O campeonato tem como objetivo incentivar o esporte amador no munic\u00edpio. O evento tem apoio do vereador \u00cdtalo Henrique, Prefeitura Municipal de Caruaru, da deputada estadual Alessandra Vieira e da FormaClinic Farm\u00e1cia.<\/p>\n","protected":false},"excerpt":{"rendered":"<p>Neste s\u00e1bado (10) acontecer\u00e1 a abertura da 1\u00aa Copa \u00cdtalosBela de Futsal. Os jogos acontecer\u00e3o no Sesc Caruaru. Ao todo,&hellip;<\/p>\n","protected":false},"author":1,"featured_media":45147,"comment_status":"closed","ping_status":"open","sticky":false,"template":"","format":"standard","meta":{"footnotes":""},"categories":[1],"tags":[2,1950],"class_list":["post-45146","post","type-post","status-publish","format-standard","has-post-thumbnail","hentry","category-sem-categoria","tag-blog-do-edvaldo-magalhaes","tag-noticias-de-caruaru"],"_links":{"self":[{"href":"https:\/\/blogdoedvaldomagalhaes.com.br\/index.php\/wp-json\/wp\/v2\/posts\/45146","targetHints":{"allow":["GET"]}}],"collection":[{"href":"https:\/\/blogdoedvaldomagalhaes.com.br\/index.php\/wp-json\/wp\/v2\/posts"}],"about":[{"href":"https:\/\/blogdoedvaldomagalhaes.com.br\/index.php\/wp-json\/wp\/v2\/types\/post"}],"author":[{"embeddable":true,"href":"https:\/\/blogdoedvaldomagalhaes.com.br\/index.php\/wp-json\/wp\/v2\/users\/1"}],"replies":[{"embeddable":true,"href":"https:\/\/blogdoedvaldomagalhaes.com.br\/index.php\/wp-json\/wp\/v2\/comments?post=45146"}],"version-history":[{"count":3,"href":"https:\/\/blogdoedvaldomagalhaes.com.br\/index.php\/wp-json\/wp\/v2\/posts\/45146\/revisions"}],"predecessor-version":[{"id":45172,"href":"https:\/\/blogdoedvaldomagalhaes.com.br\/index.php\/wp-json\/wp\/v2\/posts\/45146\/revisions\/45172"}],"wp:featuredmedia":[{"embeddable":true,"href":"https:\/\/blogdoedvaldomagalhaes.com.br\/index.php\/wp-json\/wp\/v2\/media\/45147"}],"wp:attachment":[{"href":"https:\/\/blogdoedvaldomagalhaes.com.br\/index.php\/wp-json\/wp\/v2\/media?parent=45146"}],"wp:term":[{"taxonomy":"category","embeddable":true,"href":"https:\/\/blogdoedvaldomagalhaes.com.br\/index.php\/wp-json\/wp\/v2\/categories?post=45146"},{"taxonomy":"post_tag","embeddable":true,"href":"https:\/\/blogdoedvaldomagalhaes.com.br\/index.php\/wp-json\/wp\/v2\/tags?post=45146"}],"curies":[{"name":"wp","href":"https:\/\/api.w.org\/{rel}","templated":true}]}}