{"id":45139,"date":"2019-08-09T09:52:55","date_gmt":"2019-08-09T12:52:55","guid":{"rendered":"http:\/\/blogdoedvaldomagalhaes.com.br\/?p=45139"},"modified":"2019-08-09T14:20:28","modified_gmt":"2019-08-09T17:20:28","slug":"tatuador-morto-a-tiros-e-mulher-e-baleada-em-caruaru","status":"publish","type":"post","link":"https:\/\/blogdoedvaldomagalhaes.com.br\/index.php\/2019\/08\/09\/tatuador-morto-a-tiros-e-mulher-e-baleada-em-caruaru\/","title":{"rendered":"Tatuador morto a tiros e mulher \u00e9 baleada em Caruaru"},"content":{"rendered":"<p style=\"text-align: justify;\">Um casal foi baleado na manh\u00e3 desta sexta-feira (09), em Caruaru, Agreste de Pernambuco. O tatuador Severino Santino Silva, conhecido como \u201cPotoca\u201d, 54 anos, morreu no local e a mulher dele, Maria Juliana de Freitas, 28 anos, foi socorrida pelo Samu para o Hospital Regional do Agreste (HRA).<\/p>\n<p style=\"text-align: justify;\">O crime aconteceu na rua Padre Ant\u00f4nio Veira, bairro Centen\u00e1rio. O casal tinha deixado o filho na Creche e retornava para a resid\u00eancia, no bairro S\u00e3o Francisco.<\/p>\n<p style=\"text-align: justify;\">Dois homens a p\u00e9 praticaram o crime e fugiram. A Pol\u00edcia Militar isolou o local e o corpo ser\u00e1 encaminhado para o Instituto de Medicina Legal (IML).<\/p>\n<p style=\"text-align: justify;\">Este \u00e9 o 5\u00ba homic\u00eddio do m\u00eas de agosto. Neste ano de 2019 j\u00e1 s\u00e3o 104 assassinatos em Caruaru.<\/p>\n\n\n<figure class=\"wp-block-image\"><img loading=\"lazy\" decoding=\"async\" width=\"219\" height=\"280\" src=\"http:\/\/blogdoedvaldomagalhaes.com.br\/wp-content\/uploads\/2019\/08\/IMG-20190809-WA0066.jpg\" alt=\"\" class=\"wp-image-45144\"\/><figcaption>Vitima<\/figcaption><\/figure>\n","protected":false},"excerpt":{"rendered":"<p>Um casal foi baleado na manh\u00e3 desta sexta-feira (09), em Caruaru, Agreste de Pernambuco. O tatuador Severino Santino Silva, conhecido&hellip;<\/p>\n","protected":false},"author":1,"featured_media":45140,"comment_status":"closed","ping_status":"open","sticky":false,"template":"","format":"standard","meta":{"footnotes":""},"categories":[14121],"tags":[2,15765],"class_list":["post-45139","post","type-post","status-publish","format-standard","has-post-thumbnail","hentry","category-policial","tag-blog-do-edvaldo-magalhaes","tag-tatuador-morto-a-tiros-e-mulher-e-baleada-em-caruaru"],"_links":{"self":[{"href":"https:\/\/blogdoedvaldomagalhaes.com.br\/index.php\/wp-json\/wp\/v2\/posts\/45139","targetHints":{"allow":["GET"]}}],"collection":[{"href":"https:\/\/blogdoedvaldomagalhaes.com.br\/index.php\/wp-json\/wp\/v2\/posts"}],"about":[{"href":"https:\/\/blogdoedvaldomagalhaes.com.br\/index.php\/wp-json\/wp\/v2\/types\/post"}],"author":[{"embeddable":true,"href":"https:\/\/blogdoedvaldomagalhaes.com.br\/index.php\/wp-json\/wp\/v2\/users\/1"}],"replies":[{"embeddable":true,"href":"https:\/\/blogdoedvaldomagalhaes.com.br\/index.php\/wp-json\/wp\/v2\/comments?post=45139"}],"version-history":[{"count":2,"href":"https:\/\/blogdoedvaldomagalhaes.com.br\/index.php\/wp-json\/wp\/v2\/posts\/45139\/revisions"}],"predecessor-version":[{"id":45145,"href":"https:\/\/blogdoedvaldomagalhaes.com.br\/index.php\/wp-json\/wp\/v2\/posts\/45139\/revisions\/45145"}],"wp:featuredmedia":[{"embeddable":true,"href":"https:\/\/blogdoedvaldomagalhaes.com.br\/index.php\/wp-json\/wp\/v2\/media\/45140"}],"wp:attachment":[{"href":"https:\/\/blogdoedvaldomagalhaes.com.br\/index.php\/wp-json\/wp\/v2\/media?parent=45139"}],"wp:term":[{"taxonomy":"category","embeddable":true,"href":"https:\/\/blogdoedvaldomagalhaes.com.br\/index.php\/wp-json\/wp\/v2\/categories?post=45139"},{"taxonomy":"post_tag","embeddable":true,"href":"https:\/\/blogdoedvaldomagalhaes.com.br\/index.php\/wp-json\/wp\/v2\/tags?post=45139"}],"curies":[{"name":"wp","href":"https:\/\/api.w.org\/{rel}","templated":true}]}}