{"id":45137,"date":"2019-08-09T09:20:36","date_gmt":"2019-08-09T12:20:36","guid":{"rendered":"http:\/\/blogdoedvaldomagalhaes.com.br\/?p=45137"},"modified":"2019-08-09T18:32:50","modified_gmt":"2019-08-09T21:32:50","slug":"pastor-e-assassinado-com-um-tiro-durante-assalto-em-caruaru","status":"publish","type":"post","link":"https:\/\/blogdoedvaldomagalhaes.com.br\/index.php\/2019\/08\/09\/pastor-e-assassinado-com-um-tiro-durante-assalto-em-caruaru\/","title":{"rendered":"Pastor \u00e9 assassinado com um tiro durante assalto em Caruaru"},"content":{"rendered":"<p style=\"text-align: justify;\">A viol\u00eancia parece n\u00e3o ter fim no Agreste de Pernambuco. Em Caruaru, em menos de 48 horas tr\u00eas pessoas foram assassinadas.<\/p>\n<p style=\"text-align: justify;\">O mais recente crime aconteceu na noite desta quinta-feira (08), no Residencial Luiz Bezerra Torres, localizado pr\u00f3ximo do Alto do Moura. A v\u00edtima desta vez foi um pastor. C\u00e9lio Henrique de Azevedo Bastos, 48 anos, foi morto com um tiro ao reagir a um assalto.<\/p>\n<p style=\"text-align: justify;\">De acordo com informa\u00e7\u00f5es passadas \u00e0 Pol\u00edcia Militar, dois marginais tomaram uma moto de assalto e quando estavam indo embora encontraram a resid\u00eancia do pastor aberta. Eles invadiram a casa e pegaram uma TV, mas a v\u00edtima teria reagido e foi baleada. O pastor administrava uma Igreja evang\u00e9lica no bairro Rendeiras.<\/p>\n<p style=\"text-align: justify;\">Com esta morte, sobe para 4 o n\u00famero de pessoas assassinadas em Caruaru no m\u00eas de agosto e para 103 em 2019.<\/p>\n<p style=\"text-align: justify;\">Fonte: R\u00e1dio Liberdade.<\/p>\n\n\n<figure class=\"wp-block-image\"><img loading=\"lazy\" decoding=\"async\" width=\"482\" height=\"853\" src=\"http:\/\/blogdoedvaldomagalhaes.com.br\/wp-content\/uploads\/2019\/08\/IMG-20190809-WA0146.jpg\" alt=\"\" class=\"wp-image-45152\" srcset=\"https:\/\/blogdoedvaldomagalhaes.com.br\/wp-content\/uploads\/2019\/08\/IMG-20190809-WA0146.jpg 482w, https:\/\/blogdoedvaldomagalhaes.com.br\/wp-content\/uploads\/2019\/08\/IMG-20190809-WA0146-170x300.jpg 170w\" sizes=\"auto, (max-width: 482px) 100vw, 482px\" \/><figcaption>V\u00edtima <\/figcaption><\/figure>\n","protected":false},"excerpt":{"rendered":"<p>A viol\u00eancia parece n\u00e3o ter fim no Agreste de Pernambuco. Em Caruaru, em menos de 48 horas tr\u00eas pessoas foram&hellip;<\/p>\n","protected":false},"author":1,"featured_media":45136,"comment_status":"closed","ping_status":"open","sticky":false,"template":"","format":"standard","meta":{"footnotes":""},"categories":[14121],"tags":[2,1950,15763],"class_list":["post-45137","post","type-post","status-publish","format-standard","has-post-thumbnail","hentry","category-policial","tag-blog-do-edvaldo-magalhaes","tag-noticias-de-caruaru","tag-pastor-e-assassinado-com-um-tiro-durante-assalto-em-caruaru"],"_links":{"self":[{"href":"https:\/\/blogdoedvaldomagalhaes.com.br\/index.php\/wp-json\/wp\/v2\/posts\/45137","targetHints":{"allow":["GET"]}}],"collection":[{"href":"https:\/\/blogdoedvaldomagalhaes.com.br\/index.php\/wp-json\/wp\/v2\/posts"}],"about":[{"href":"https:\/\/blogdoedvaldomagalhaes.com.br\/index.php\/wp-json\/wp\/v2\/types\/post"}],"author":[{"embeddable":true,"href":"https:\/\/blogdoedvaldomagalhaes.com.br\/index.php\/wp-json\/wp\/v2\/users\/1"}],"replies":[{"embeddable":true,"href":"https:\/\/blogdoedvaldomagalhaes.com.br\/index.php\/wp-json\/wp\/v2\/comments?post=45137"}],"version-history":[{"count":2,"href":"https:\/\/blogdoedvaldomagalhaes.com.br\/index.php\/wp-json\/wp\/v2\/posts\/45137\/revisions"}],"predecessor-version":[{"id":45153,"href":"https:\/\/blogdoedvaldomagalhaes.com.br\/index.php\/wp-json\/wp\/v2\/posts\/45137\/revisions\/45153"}],"wp:featuredmedia":[{"embeddable":true,"href":"https:\/\/blogdoedvaldomagalhaes.com.br\/index.php\/wp-json\/wp\/v2\/media\/45136"}],"wp:attachment":[{"href":"https:\/\/blogdoedvaldomagalhaes.com.br\/index.php\/wp-json\/wp\/v2\/media?parent=45137"}],"wp:term":[{"taxonomy":"category","embeddable":true,"href":"https:\/\/blogdoedvaldomagalhaes.com.br\/index.php\/wp-json\/wp\/v2\/categories?post=45137"},{"taxonomy":"post_tag","embeddable":true,"href":"https:\/\/blogdoedvaldomagalhaes.com.br\/index.php\/wp-json\/wp\/v2\/tags?post=45137"}],"curies":[{"name":"wp","href":"https:\/\/api.w.org\/{rel}","templated":true}]}}