{"id":450,"date":"2018-12-11T23:44:00","date_gmt":"2018-12-12T01:44:00","guid":{"rendered":"http:\/\/blogdoedvaldomagalhaes.com.br\/index.php\/2018\/12\/11\/prefeitura-de-caruaru-promove-feira\/"},"modified":"2019-02-09T02:45:46","modified_gmt":"2019-02-09T04:45:46","slug":"prefeitura-de-caruaru-promove-feira","status":"publish","type":"post","link":"https:\/\/blogdoedvaldomagalhaes.com.br\/index.php\/2018\/12\/11\/prefeitura-de-caruaru-promove-feira\/","title":{"rendered":"Prefeitura de Caruaru promove Feira Natalina da Mulher  Empreendedora"},"content":{"rendered":"<div class=\"separator\" style=\"clear: both; text-align: center;\">\n<a href=\"https:\/\/4.bp.blogspot.com\/-o30mLYzWbss\/XBBKVn8lv0I\/AAAAAAAA_oY\/FyWSx4zOQ7wEepbPc0RkIEQqXq4bI6-CwCLcBGAs\/s1600\/IMG-20181211-WA0234.jpg\" imageanchor=\"1\" style=\"margin-left: 1em; margin-right: 1em;\"><img loading=\"lazy\" decoding=\"async\" border=\"0\" data-original-height=\"800\" data-original-width=\"800\" height=\"640\" src=\"http:\/\/blogdoedvaldomagalhaes.com.br\/wp-content\/uploads\/2018\/12\/IMG-20181211-WA0234.jpg\" width=\"640\" \/><\/a><\/div>\n<div style=\"text-align: justify;\">\n<\/div>\n<div style=\"text-align: justify;\">\nCome\u00e7a nesta quarta-feira (12) a Feira Natalina da Mulher Empreendedora. A a\u00e7\u00e3o ser\u00e1 no Marco Zero de Caruaru e seguir\u00e1 at\u00e9 o s\u00e1bado (15), das 08h \u00e0s 17h, com a venda de produtos de diversos segmentos de artesanato e gastronomia. O evento ser\u00e1 promovido pela Prefeitura de Caruaru,&nbsp;atrav\u00e9s da Secretaria de Pol\u00edticas para Mulheres (SPM), com apoio das secretarias de Ordem P\u00fablica e de Servi\u00e7os P\u00fablicos. A a\u00e7\u00e3o conta tamb\u00e9m com apoio do Dieese, Instituto C&amp;A, Instituto ETHOS e BIESP.<\/div>\n<div style=\"text-align: justify;\">\n<\/div>\n<div style=\"text-align: justify;\">\nUma vasta programa\u00e7\u00e3o est\u00e1 prevista para os dias de evento, e na abertura j\u00e1 ser\u00e1 oferecida a oficina gratuita de Reflexologia das M\u00e3os, a partir das 15h. Durante a semana outras interven\u00e7\u00f5es ser\u00e3o realizadas com as oficinas de enfeites natalinos e de enfeites em EVA, nos dias 13, 14 e 15, \u00e0s 10h, e apresenta\u00e7\u00f5es culturais \u00e0s 16h30. Se apresentar\u00e3o o Grupo de Teatro Mulheres em Cena (dia 12) e o Coral Cantando a Vida (dia 13), ambas da SPM, al\u00e9m do Boi Tira Teima (dia 14) e do Pastoril da Terceira Idade do SCFV da Secretaria de Desenvolvimento Social e Direitos Humanos de Caruaru (dia 15).<\/div>\n<div style=\"text-align: justify;\">\n<\/div>\n<div style=\"text-align: justify;\">\nA Feira da Mulher Empreendedora faz parte do projeto \u201cMulher Empreendedora\u201d da SPM, atrav\u00e9s do eixo de Pol\u00edticas de Cidadania e Qualidade de Vida. As contempladas passam por forma\u00e7\u00f5es sociais que trabalha, entre outros temas, os direitos do consumidor, Lei geral do MEI, educa\u00e7\u00e3o financeira, atendimento ao cliente e marketing digital, e conta com a parceiros como PROCON e expresso empreendedor. \u201cA import\u00e2ncia desse projeto \u00e9 incentivar o empoderamento e a autonomia econ\u00f4mica das mulheres atrav\u00e9s do empreendedorismo, buscando tamb\u00e9m o incentivo para a comercializa\u00e7\u00e3o dos produtos e servi\u00e7os que s\u00e3o fruto das a\u00e7\u00f5es promovidas por elas\u201d, destacou a secret\u00e1ria da SPM, Juliana Gouveia.<\/div>\n<div style=\"text-align: justify;\">\n<\/div>\n<div style=\"text-align: justify;\">\nEsta j\u00e1 \u00e9 a oitava edi\u00e7\u00e3o da Feira da Mulher Empreendedora. A primeira foi realizada durante o S\u00e3o Jo\u00e3o de Caruaru, no m\u00eas de junho de 2017, no Galp\u00e3o da Criatividade da Esta\u00e7\u00e3o Ferrovi\u00e1ria. Em todas as exposi\u00e7\u00f5es, a a\u00e7\u00e3o tem atuado como uma importante vitrine de produ\u00e7\u00e3o e comercializa\u00e7\u00e3o dos produtos produzidos pelas participantes, contemplando v\u00e1rios locais da cidade, tendo passado, inclusive, pelo Caruaru Shopping.<\/div>\n<div style=\"text-align: justify;\">\n<\/div>\n<div style=\"text-align: justify;\">\nInforma\u00e7\u00f5es: Michelle Veloso\/Assessora de imprensa.&nbsp;<\/div>\n<div style=\"text-align: justify;\">\n<\/div>\n<div style=\"text-align: justify;\">\n<\/div>\n","protected":false},"excerpt":{"rendered":"<p>Come\u00e7a nesta quarta-feira (12) a Feira Natalina da Mulher Empreendedora. A a\u00e7\u00e3o ser\u00e1 no Marco Zero de Caruaru e seguir\u00e1&hellip;<\/p>\n","protected":false},"author":1,"featured_media":0,"comment_status":"open","ping_status":"open","sticky":false,"template":"","format":"standard","meta":{"footnotes":""},"categories":[1],"tags":[2,6],"class_list":["post-450","post","type-post","status-publish","format-standard","hentry","category-sem-categoria","tag-blog-do-edvaldo-magalhaes","tag-noticias"],"_links":{"self":[{"href":"https:\/\/blogdoedvaldomagalhaes.com.br\/index.php\/wp-json\/wp\/v2\/posts\/450","targetHints":{"allow":["GET"]}}],"collection":[{"href":"https:\/\/blogdoedvaldomagalhaes.com.br\/index.php\/wp-json\/wp\/v2\/posts"}],"about":[{"href":"https:\/\/blogdoedvaldomagalhaes.com.br\/index.php\/wp-json\/wp\/v2\/types\/post"}],"author":[{"embeddable":true,"href":"https:\/\/blogdoedvaldomagalhaes.com.br\/index.php\/wp-json\/wp\/v2\/users\/1"}],"replies":[{"embeddable":true,"href":"https:\/\/blogdoedvaldomagalhaes.com.br\/index.php\/wp-json\/wp\/v2\/comments?post=450"}],"version-history":[{"count":1,"href":"https:\/\/blogdoedvaldomagalhaes.com.br\/index.php\/wp-json\/wp\/v2\/posts\/450\/revisions"}],"predecessor-version":[{"id":36751,"href":"https:\/\/blogdoedvaldomagalhaes.com.br\/index.php\/wp-json\/wp\/v2\/posts\/450\/revisions\/36751"}],"wp:attachment":[{"href":"https:\/\/blogdoedvaldomagalhaes.com.br\/index.php\/wp-json\/wp\/v2\/media?parent=450"}],"wp:term":[{"taxonomy":"category","embeddable":true,"href":"https:\/\/blogdoedvaldomagalhaes.com.br\/index.php\/wp-json\/wp\/v2\/categories?post=450"},{"taxonomy":"post_tag","embeddable":true,"href":"https:\/\/blogdoedvaldomagalhaes.com.br\/index.php\/wp-json\/wp\/v2\/tags?post=450"}],"curies":[{"name":"wp","href":"https:\/\/api.w.org\/{rel}","templated":true}]}}