{"id":45,"date":"2019-02-05T13:41:00","date_gmt":"2019-02-05T15:41:00","guid":{"rendered":"http:\/\/blogdoedvaldomagalhaes.com.br\/index.php\/2019\/02\/05\/acidente-envolvendo-toyota-deixa\/"},"modified":"2019-02-09T02:51:49","modified_gmt":"2019-02-09T04:51:49","slug":"acidente-envolvendo-toyota-deixa","status":"publish","type":"post","link":"https:\/\/blogdoedvaldomagalhaes.com.br\/index.php\/2019\/02\/05\/acidente-envolvendo-toyota-deixa\/","title":{"rendered":"Acidente envolvendo Toyota deixa feridos na PE-90 entre Toritama e Vertentes"},"content":{"rendered":"<div class=\"separator\" style=\"clear: both; text-align: center;\">\n<a href=\"https:\/\/4.bp.blogspot.com\/-OsoPPSZIiPY\/XFmR34ZZiqI\/AAAAAAABCAQ\/G78xxpgvi9cuYvf6xbAsHg1m8m8dLCOtACLcBGAs\/s1600\/IMG-20190205-WA0038.jpg\" imageanchor=\"1\" style=\"margin-left: 1em; margin-right: 1em;\"><img loading=\"lazy\" decoding=\"async\" border=\"0\" data-original-height=\"774\" data-original-width=\"1032\" height=\"480\" src=\"http:\/\/blogdoedvaldomagalhaes.com.br\/wp-content\/uploads\/2019\/02\/IMG-20190205-WA0038.jpg\" width=\"640\" \/><\/a><\/div>\n<div class=\"separator\" style=\"clear: both; text-align: center;\">\nFoto: Reprodu\u00e7\u00e3o\/Whatsapp&nbsp;<\/div>\n<div style=\"text-align: justify;\">\n<\/div>\n<div style=\"text-align: justify;\">\nO acidente envolvendo um ve\u00edculo Toyota Bandeirantes de placas JTG-5584-Santa Maria do Cambuc\u00e1, de cor azul, ocorreu na PE-90 no munic\u00edpio de Vertentes, pr\u00f3ximo a F\u00e1brica de Sebo. De acordo com informa\u00e7\u00f5es,&nbsp;a barra da dire\u00e7\u00e3o quebrou, o motorista perdeu o controle do ve\u00edculo, vindo a capotar.<\/p>\n<div>\n<\/div>\n<div class=\"separator\" style=\"clear: both; text-align: center;\">\n<a href=\"https:\/\/4.bp.blogspot.com\/-C1-QB7vFks8\/XFmtPCBkAlI\/AAAAAAABCAk\/c8SS9xw8lsAlIEXx9t2kDz0gmGvedHGqgCLcBGAs\/s1600\/IMG-20190205-WA0082.jpg\" imageanchor=\"1\" style=\"margin-left: 1em; margin-right: 1em;\"><img loading=\"lazy\" decoding=\"async\" border=\"0\" data-original-height=\"720\" data-original-width=\"1280\" height=\"360\" src=\"http:\/\/blogdoedvaldomagalhaes.com.br\/wp-content\/uploads\/2019\/02\/IMG-20190205-WA0082.jpg\" width=\"640\" \/><\/a><\/div>\n<p><\/p>\n<div class=\"separator\" style=\"clear: both; text-align: center;\">\n<a href=\"https:\/\/1.bp.blogspot.com\/-UTQs5JkUJek\/XFmtRXojt7I\/AAAAAAABCAo\/H2KM8t1OWCowGHWaWWijpKqFh3sTIWnGgCLcBGAs\/s1600\/IMG-20190205-WA0083.jpg\" imageanchor=\"1\" style=\"margin-left: 1em; margin-right: 1em;\"><img loading=\"lazy\" decoding=\"async\" border=\"0\" data-original-height=\"720\" data-original-width=\"1280\" height=\"360\" src=\"http:\/\/blogdoedvaldomagalhaes.com.br\/wp-content\/uploads\/2019\/02\/IMG-20190205-WA0083.jpg\" width=\"640\" \/><\/a><\/div>\n<p><\/p>\n<div class=\"separator\" style=\"clear: both; text-align: center;\">\n<a href=\"https:\/\/3.bp.blogspot.com\/-9YUukWsVDYI\/XFmtTh3NtFI\/AAAAAAABCAs\/NAILPz6evKYDVJD6D82fZIaydyTijLv8wCLcBGAs\/s1600\/IMG-20190205-WA0084.jpg\" imageanchor=\"1\" style=\"margin-left: 1em; margin-right: 1em;\"><img loading=\"lazy\" decoding=\"async\" border=\"0\" data-original-height=\"720\" data-original-width=\"1280\" height=\"360\" src=\"http:\/\/blogdoedvaldomagalhaes.com.br\/wp-content\/uploads\/2019\/02\/IMG-20190205-WA0084.jpg\" width=\"640\" \/><\/a><\/div>\n<p><\/p>\n<div class=\"separator\" style=\"clear: both; text-align: center;\">\n<a href=\"https:\/\/2.bp.blogspot.com\/-lZOrQG5bj3E\/XFmtW3xxl1I\/AAAAAAABCAw\/BTUDDBXqHIYykUJyvAWfybYQKT20ZDO2QCLcBGAs\/s1600\/IMG-20190205-WA0085.jpg\" imageanchor=\"1\" style=\"margin-left: 1em; margin-right: 1em;\"><img loading=\"lazy\" decoding=\"async\" border=\"0\" data-original-height=\"720\" data-original-width=\"1280\" height=\"360\" src=\"http:\/\/blogdoedvaldomagalhaes.com.br\/wp-content\/uploads\/2019\/02\/IMG-20190205-WA0085.jpg\" width=\"640\" \/><\/a><\/div>\n<p>\nSegundo informa\u00e7\u00f5es do Corpo de Bombeiros, oito pessoas ficaram feridas.&nbsp;N\u00e3o houve v\u00edtima fatal, os feridos foram socorridos por equipes do Samu e Corpo de Bombeiros, sendo levados para o Hospital Municipal Nossa Senhora de F\u00e1tima, em Toritama, sendo que uma das v\u00edtimas foi transferida para o Hospital das Restaura\u00e7\u00e3o (HR), em Recife.quando a barra da dire\u00e7\u00e3o quebrou, o motorista perdeu o controle, vindo a capotar.<\/p>\n<\/div>\n<div style=\"text-align: justify;\">\n<\/div>\n","protected":false},"excerpt":{"rendered":"<p>Foto: Reprodu\u00e7\u00e3o\/Whatsapp&nbsp; O acidente envolvendo um ve\u00edculo Toyota Bandeirantes de placas JTG-5584-Santa Maria do Cambuc\u00e1, de cor azul, ocorreu na&hellip;<\/p>\n","protected":false},"author":1,"featured_media":0,"comment_status":"open","ping_status":"open","sticky":false,"template":"","format":"standard","meta":{"footnotes":""},"categories":[1],"tags":[52,2,6],"class_list":["post-45","post","type-post","status-publish","format-standard","hentry","category-sem-categoria","tag-acidente-envolvendo-toyota-deixa-feridos-na-pe-90-entre-toritama-e-vertentes","tag-blog-do-edvaldo-magalhaes","tag-noticias"],"_links":{"self":[{"href":"https:\/\/blogdoedvaldomagalhaes.com.br\/index.php\/wp-json\/wp\/v2\/posts\/45","targetHints":{"allow":["GET"]}}],"collection":[{"href":"https:\/\/blogdoedvaldomagalhaes.com.br\/index.php\/wp-json\/wp\/v2\/posts"}],"about":[{"href":"https:\/\/blogdoedvaldomagalhaes.com.br\/index.php\/wp-json\/wp\/v2\/types\/post"}],"author":[{"embeddable":true,"href":"https:\/\/blogdoedvaldomagalhaes.com.br\/index.php\/wp-json\/wp\/v2\/users\/1"}],"replies":[{"embeddable":true,"href":"https:\/\/blogdoedvaldomagalhaes.com.br\/index.php\/wp-json\/wp\/v2\/comments?post=45"}],"version-history":[{"count":1,"href":"https:\/\/blogdoedvaldomagalhaes.com.br\/index.php\/wp-json\/wp\/v2\/posts\/45\/revisions"}],"predecessor-version":[{"id":37961,"href":"https:\/\/blogdoedvaldomagalhaes.com.br\/index.php\/wp-json\/wp\/v2\/posts\/45\/revisions\/37961"}],"wp:attachment":[{"href":"https:\/\/blogdoedvaldomagalhaes.com.br\/index.php\/wp-json\/wp\/v2\/media?parent=45"}],"wp:term":[{"taxonomy":"category","embeddable":true,"href":"https:\/\/blogdoedvaldomagalhaes.com.br\/index.php\/wp-json\/wp\/v2\/categories?post=45"},{"taxonomy":"post_tag","embeddable":true,"href":"https:\/\/blogdoedvaldomagalhaes.com.br\/index.php\/wp-json\/wp\/v2\/tags?post=45"}],"curies":[{"name":"wp","href":"https:\/\/api.w.org\/{rel}","templated":true}]}}