{"id":4491,"date":"2017-10-02T10:38:00","date_gmt":"2017-10-02T13:38:00","guid":{"rendered":"http:\/\/blogdoedvaldomagalhaes.com.br\/index.php\/2017\/10\/02\/quarenta-e-uma-pessoas-assassinadas-e\/"},"modified":"2019-02-09T01:46:29","modified_gmt":"2019-02-09T03:46:29","slug":"quarenta-e-uma-pessoas-assassinadas-e","status":"publish","type":"post","link":"https:\/\/blogdoedvaldomagalhaes.com.br\/index.php\/2017\/10\/02\/quarenta-e-uma-pessoas-assassinadas-e\/","title":{"rendered":"Quarenta e uma pessoas assassinadas em Pernambuco no fim de semana; 3 em Caruaru"},"content":{"rendered":"<div class=\"separator\" style=\"clear: both; text-align: center;\">\n<a href=\"https:\/\/2.bp.blogspot.com\/-Nyo1bDbCVWE\/WdIWumlSGhI\/AAAAAAAAgNs\/MklcRpUcRzULYu1SnA_Oofx4h8NnX_HmgCLcBGAs\/s1600\/pm.jpg\" imageanchor=\"1\" style=\"margin-left: 1em; margin-right: 1em;\"><img loading=\"lazy\" decoding=\"async\" border=\"0\" data-original-height=\"700\" data-original-width=\"1140\" height=\"245\" src=\"http:\/\/blogdoedvaldomagalhaes.com.br\/wp-content\/uploads\/2017\/10\/pm.jpg\" width=\"400\" \/><\/a><\/div>\n<div style=\"background: white; line-height: 18.0pt; margin-bottom: 7.5pt; margin-left: 0cm; margin-right: 0cm; margin-top: 0cm; text-align: justify;\">\n<\/div>\n<div style=\"background: white; line-height: 18.0pt; margin-bottom: 7.5pt; margin-left: 0cm; margin-right: 0cm; margin-top: 0cm; text-align: justify;\">\nO Sindicato dos<br \/>\nRodovi\u00e1rios de Pernambuco registrou 10 assaltos a \u00f4nibus nas \u00faltimas 24 horas,<br \/>\nna Regi\u00e3o Metropolitana do Recife. No fim de semana, ocorreram 28 assaltos. O<br \/>\nm\u00eas de setembro fechou com 332. Este ano j\u00e1 foram contabilizados 2.996<br \/>\nassaltos.<\/div>\n<div style=\"background: white; box-sizing: border-box; line-height: 18pt; margin: 0cm 0cm 7.5pt; text-align: justify;\">\nQuarenta e uma pessoas foram assassinadas em Pernambuco no fim de<br \/>\nsemana, 14 nas \u00faltimas 24 horas, sendo 4 no Grande Recife e 10 no interior.<br \/>\nEste ano, o n\u00famero de assassinatos j\u00e1 chega a 4.071, sendo 1.923 na Regi\u00e3o<br \/>\nMetropolitana e 2.148 no interior.<\/div>\n<div style=\"background: white; box-sizing: border-box; line-height: 18pt; margin: 0cm 0cm 7.5pt; text-align: justify;\">\nEm Caruaru, Agreste pernambucano, o m\u00eas de outubro come\u00e7ou marcado<br \/>\npela viol\u00eancia. Tr\u00eas pessoas foram assassinadas neste domingo (01).<\/div>\n<div style=\"background: white; box-sizing: border-box; line-height: 18pt; margin: 0cm 0cm 7.5pt; text-align: justify;\">\nDurante a madrugada, um ex-presidi\u00e1rio trocou tiros com a pol\u00edcia<br \/>\nno Loteamento Sol Poente e morreu quando estava sendo socorrido para o Hospital<br \/>\nRegional do Agreste (HRA).&nbsp;<a href=\"http:\/\/liberdade.com.br\/mulher-e-assassinada-na-zona-rural-de-caruaru-e-ex-presidiario-morre-em-troca-de-tiros-com-policia\/\" style=\"box-sizing: border-box; transition: 0.3s;\">Valdiran Batista de Queiroz<\/a>,<br \/>\n34 anos, efetuou quatro disparos contra os policiais, que revidaram. Ele estava<br \/>\ncom um rev\u00f3lver calibre 38. De acordo com a pol\u00edcia, o ex-presidi\u00e1rio possu\u00eda<br \/>\nv\u00e1rias condena\u00e7\u00f5es judiciais e algumas passagens carcer\u00e1rias.<\/div>\n<div style=\"background: white; box-sizing: border-box; line-height: 18pt; margin: 0cm 0cm 7.5pt; text-align: justify;\">\nNo in\u00edcio da manh\u00e3,&nbsp;<a href=\"http:\/\/liberdade.com.br\/mulher-e-assassinada-na-zona-rural-de-caruaru-e-ex-presidiario-morre-em-troca-de-tiros-com-policia\/\" style=\"box-sizing: border-box; transition: 0.3s;\">uma mulher foi morta com um tiro em<br \/>\nLagoa de Pedra<\/a>, zona rural do munic\u00edpio. Ivanusa Rodrigues de Melo,<br \/>\n32 anos, conduzia uma motocicleta a caminho do trabalho em um posto de<br \/>\ncombust\u00edveis, no bairro S\u00e3o Francisco. O crime est\u00e1 sendo investigado pela<br \/>\nPol\u00edcia Civil.<\/div>\n<div style=\"background: white; box-sizing: border-box; line-height: 18pt; margin: 0cm 0cm 7.5pt; text-align: justify;\">\nO terceiro homic\u00eddio aconteceu \u00e0 tarde, no&nbsp;<a href=\"http:\/\/liberdade.com.br\/jovem-e-assassinado-tiros-na-zona-rural-de-caruaru-3o-homicidio-deste-domingo\/\" style=\"box-sizing: border-box; transition: 0.3s;\">S\u00edtio Palmat\u00f3ria<\/a>, pr\u00f3ximo<br \/>\ndo Distrito de Ju\u00e1, zona rural de Caruaru. Jos\u00e9 Alexandre de Melo Filho morava<br \/>\nem Cachoeira Seca e, segundo familiares, ele sempre se envolvia em coisas<br \/>\nerradas, como assalto. Ele foi morto dentro da casa de um amigo.<\/div>\n<p><\/p>\n<div style=\"background: white; box-sizing: border-box; line-height: 18pt; margin: 0cm 0cm 7.5pt; text-align: justify;\">\nCom os tr\u00eas homic\u00eddios registrados no primeiro dia de outubro,<br \/>\nsobe para 221 os assassinatos neste ano de 2017 em Caruaru.<\/p>\n<p>Fonte: R\u00e1dio Liberdade.<\/p><\/div>\n","protected":false},"excerpt":{"rendered":"<p>O Sindicato dos Rodovi\u00e1rios de Pernambuco registrou 10 assaltos a \u00f4nibus nas \u00faltimas 24 horas, na Regi\u00e3o Metropolitana do Recife.&hellip;<\/p>\n","protected":false},"author":1,"featured_media":0,"comment_status":"open","ping_status":"open","sticky":false,"template":"","format":"standard","meta":{"footnotes":""},"categories":[1],"tags":[2,1479,13,5612],"class_list":["post-4491","post","type-post","status-publish","format-standard","hentry","category-sem-categoria","tag-blog-do-edvaldo-magalhaes","tag-noticias-policiais","tag-policial","tag-quarenta-e-uma-pessoas-assassinadas-em-pernambuco-no-fim-de-semana-3-em-caruaru"],"_links":{"self":[{"href":"https:\/\/blogdoedvaldomagalhaes.com.br\/index.php\/wp-json\/wp\/v2\/posts\/4491","targetHints":{"allow":["GET"]}}],"collection":[{"href":"https:\/\/blogdoedvaldomagalhaes.com.br\/index.php\/wp-json\/wp\/v2\/posts"}],"about":[{"href":"https:\/\/blogdoedvaldomagalhaes.com.br\/index.php\/wp-json\/wp\/v2\/types\/post"}],"author":[{"embeddable":true,"href":"https:\/\/blogdoedvaldomagalhaes.com.br\/index.php\/wp-json\/wp\/v2\/users\/1"}],"replies":[{"embeddable":true,"href":"https:\/\/blogdoedvaldomagalhaes.com.br\/index.php\/wp-json\/wp\/v2\/comments?post=4491"}],"version-history":[{"count":1,"href":"https:\/\/blogdoedvaldomagalhaes.com.br\/index.php\/wp-json\/wp\/v2\/posts\/4491\/revisions"}],"predecessor-version":[{"id":24755,"href":"https:\/\/blogdoedvaldomagalhaes.com.br\/index.php\/wp-json\/wp\/v2\/posts\/4491\/revisions\/24755"}],"wp:attachment":[{"href":"https:\/\/blogdoedvaldomagalhaes.com.br\/index.php\/wp-json\/wp\/v2\/media?parent=4491"}],"wp:term":[{"taxonomy":"category","embeddable":true,"href":"https:\/\/blogdoedvaldomagalhaes.com.br\/index.php\/wp-json\/wp\/v2\/categories?post=4491"},{"taxonomy":"post_tag","embeddable":true,"href":"https:\/\/blogdoedvaldomagalhaes.com.br\/index.php\/wp-json\/wp\/v2\/tags?post=4491"}],"curies":[{"name":"wp","href":"https:\/\/api.w.org\/{rel}","templated":true}]}}