{"id":44776,"date":"2019-07-27T08:13:28","date_gmt":"2019-07-27T11:13:28","guid":{"rendered":"http:\/\/blogdoedvaldomagalhaes.com.br\/?p=44776"},"modified":"2019-07-27T08:13:30","modified_gmt":"2019-07-27T11:13:30","slug":"fim-de-semana-comeca-com-o-registro-de-12-assassinatos-em-pernambuco","status":"publish","type":"post","link":"https:\/\/blogdoedvaldomagalhaes.com.br\/index.php\/2019\/07\/27\/fim-de-semana-comeca-com-o-registro-de-12-assassinatos-em-pernambuco\/","title":{"rendered":"Fim de semana come\u00e7a com o registro de 12 assassinatos em Pernambuco"},"content":{"rendered":"<p style=\"text-align: justify;\">O fim de semana come\u00e7ou com o registro de 12 homic\u00eddios em Pernambuco. Seis crimes aconteceram no Grande Recife e seis no interior. No m\u00eas de julho j\u00e1 foram assassinadas no Estado 170 pessoas e no j\u00e1 s\u00e3o 1.929 homic\u00eddios.<\/p>\n<p style=\"text-align: justify;\">Em\u00a0<strong>Garanhuns<\/strong>, um homem foi assassinado a tiros nesta sexta-feira (26). Marciano Ferreira de Ara\u00fajo, 29 anos, foi abordado por dois desconhecidos em uma motocicleta, que efetuaram os disparos. O crime aconteceu no bairro da Liberdade. A v\u00edtima tinha envolvimento com drogas.<\/p>\n<p style=\"text-align: justify;\">Em\u00a0<strong>Pesqueira<\/strong>, dois suspeitos de roubar um ve\u00edculo Golf trocaram tiros com a Pol\u00edcia Militar, na manh\u00e3 desta sexta-feira (26). O ve\u00edculo foi tomado de assalto em Bezerros e localizado pela pol\u00edcia na BR-232, em Mimoso, atrav\u00e9s do sistema de rastreamento.<\/p>\n<p style=\"text-align: justify;\">Janaelson Jo\u00e3o de Lima e Marcos Ant\u00f4nio Menezes da Silva, ambos de 27 anos, de Caruaru, estavam levando o ve\u00edculo para Afogados da Ingazeira, no Sert\u00e3o. Marcos, que j\u00e1 tinha passagem pelo Pres\u00eddio de Canhotinho e estava com uma tornozeleira eletr\u00f4nica, morreu na troca de tiros com a pol\u00edcia. Janaelson, que tinha conseguido fugir, foi capturado \u00e0 tarde e preso.<\/p>\n<p>Fonte: R\u00e1dio Liberdade.<\/p>\n","protected":false},"excerpt":{"rendered":"<p>O fim de semana come\u00e7ou com o registro de 12 homic\u00eddios em Pernambuco. Seis crimes aconteceram no Grande Recife e&hellip;<\/p>\n","protected":false},"author":1,"featured_media":44777,"comment_status":"closed","ping_status":"open","sticky":false,"template":"","format":"standard","meta":{"footnotes":""},"categories":[14121],"tags":[2,15694],"class_list":["post-44776","post","type-post","status-publish","format-standard","has-post-thumbnail","hentry","category-policial","tag-blog-do-edvaldo-magalhaes","tag-fim-de-semana-comeca-com-o-registro-de-12-assassinatos-em-pernambuco"],"_links":{"self":[{"href":"https:\/\/blogdoedvaldomagalhaes.com.br\/index.php\/wp-json\/wp\/v2\/posts\/44776","targetHints":{"allow":["GET"]}}],"collection":[{"href":"https:\/\/blogdoedvaldomagalhaes.com.br\/index.php\/wp-json\/wp\/v2\/posts"}],"about":[{"href":"https:\/\/blogdoedvaldomagalhaes.com.br\/index.php\/wp-json\/wp\/v2\/types\/post"}],"author":[{"embeddable":true,"href":"https:\/\/blogdoedvaldomagalhaes.com.br\/index.php\/wp-json\/wp\/v2\/users\/1"}],"replies":[{"embeddable":true,"href":"https:\/\/blogdoedvaldomagalhaes.com.br\/index.php\/wp-json\/wp\/v2\/comments?post=44776"}],"version-history":[{"count":1,"href":"https:\/\/blogdoedvaldomagalhaes.com.br\/index.php\/wp-json\/wp\/v2\/posts\/44776\/revisions"}],"predecessor-version":[{"id":44778,"href":"https:\/\/blogdoedvaldomagalhaes.com.br\/index.php\/wp-json\/wp\/v2\/posts\/44776\/revisions\/44778"}],"wp:featuredmedia":[{"embeddable":true,"href":"https:\/\/blogdoedvaldomagalhaes.com.br\/index.php\/wp-json\/wp\/v2\/media\/44777"}],"wp:attachment":[{"href":"https:\/\/blogdoedvaldomagalhaes.com.br\/index.php\/wp-json\/wp\/v2\/media?parent=44776"}],"wp:term":[{"taxonomy":"category","embeddable":true,"href":"https:\/\/blogdoedvaldomagalhaes.com.br\/index.php\/wp-json\/wp\/v2\/categories?post=44776"},{"taxonomy":"post_tag","embeddable":true,"href":"https:\/\/blogdoedvaldomagalhaes.com.br\/index.php\/wp-json\/wp\/v2\/tags?post=44776"}],"curies":[{"name":"wp","href":"https:\/\/api.w.org\/{rel}","templated":true}]}}