{"id":44769,"date":"2019-07-26T22:06:06","date_gmt":"2019-07-27T01:06:06","guid":{"rendered":"http:\/\/blogdoedvaldomagalhaes.com.br\/?p=44769"},"modified":"2019-07-26T22:06:09","modified_gmt":"2019-07-27T01:06:09","slug":"iel-pe-seleciona-estudantes-do-ensino-medio-para-vagas-de-estagio-em-caruaru","status":"publish","type":"post","link":"https:\/\/blogdoedvaldomagalhaes.com.br\/index.php\/2019\/07\/26\/iel-pe-seleciona-estudantes-do-ensino-medio-para-vagas-de-estagio-em-caruaru\/","title":{"rendered":"IEL-PE seleciona estudantes do ensino m\u00e9dio para vagas de est\u00e1gio em Caruaru"},"content":{"rendered":"\n<p>O Instituto Euvaldo Lodi (IEL-PE) est\u00e1 selecionando estudantes do ensino m\u00e9dio para vaga de est\u00e1gio em Caruaru. Os candidatos devem ter dom\u00ednio nos programas Word e Excel. A carga hor\u00e1ria \u00e9 de segunda a sexta-feira de 8h \u00e0s 12h, com bolsa aux\u00edlio no valor de 350 reais e 50 de auxilio transporte. Os interessados devem enviar o curr\u00edculo para o e-mail caruaru@ielpe.org.br.<\/p>\n","protected":false},"excerpt":{"rendered":"<p>O Instituto Euvaldo Lodi (IEL-PE) est\u00e1 selecionando estudantes do ensino m\u00e9dio para vaga de est\u00e1gio em Caruaru. Os candidatos devem&hellip;<\/p>\n","protected":false},"author":1,"featured_media":44770,"comment_status":"closed","ping_status":"open","sticky":false,"template":"","format":"standard","meta":{"footnotes":""},"categories":[14120],"tags":[2,15692],"class_list":["post-44769","post","type-post","status-publish","format-standard","has-post-thumbnail","hentry","category-noticias","tag-blog-do-edvaldo-magalhaes","tag-iel-pe-seleciona-estudantes-do-ensino-medio-para-vagas-de-estagio-em-caruaru"],"_links":{"self":[{"href":"https:\/\/blogdoedvaldomagalhaes.com.br\/index.php\/wp-json\/wp\/v2\/posts\/44769","targetHints":{"allow":["GET"]}}],"collection":[{"href":"https:\/\/blogdoedvaldomagalhaes.com.br\/index.php\/wp-json\/wp\/v2\/posts"}],"about":[{"href":"https:\/\/blogdoedvaldomagalhaes.com.br\/index.php\/wp-json\/wp\/v2\/types\/post"}],"author":[{"embeddable":true,"href":"https:\/\/blogdoedvaldomagalhaes.com.br\/index.php\/wp-json\/wp\/v2\/users\/1"}],"replies":[{"embeddable":true,"href":"https:\/\/blogdoedvaldomagalhaes.com.br\/index.php\/wp-json\/wp\/v2\/comments?post=44769"}],"version-history":[{"count":1,"href":"https:\/\/blogdoedvaldomagalhaes.com.br\/index.php\/wp-json\/wp\/v2\/posts\/44769\/revisions"}],"predecessor-version":[{"id":44771,"href":"https:\/\/blogdoedvaldomagalhaes.com.br\/index.php\/wp-json\/wp\/v2\/posts\/44769\/revisions\/44771"}],"wp:featuredmedia":[{"embeddable":true,"href":"https:\/\/blogdoedvaldomagalhaes.com.br\/index.php\/wp-json\/wp\/v2\/media\/44770"}],"wp:attachment":[{"href":"https:\/\/blogdoedvaldomagalhaes.com.br\/index.php\/wp-json\/wp\/v2\/media?parent=44769"}],"wp:term":[{"taxonomy":"category","embeddable":true,"href":"https:\/\/blogdoedvaldomagalhaes.com.br\/index.php\/wp-json\/wp\/v2\/categories?post=44769"},{"taxonomy":"post_tag","embeddable":true,"href":"https:\/\/blogdoedvaldomagalhaes.com.br\/index.php\/wp-json\/wp\/v2\/tags?post=44769"}],"curies":[{"name":"wp","href":"https:\/\/api.w.org\/{rel}","templated":true}]}}