{"id":44766,"date":"2019-07-26T21:54:19","date_gmt":"2019-07-27T00:54:19","guid":{"rendered":"http:\/\/blogdoedvaldomagalhaes.com.br\/?p=44766"},"modified":"2019-07-26T21:54:24","modified_gmt":"2019-07-27T00:54:24","slug":"caruaru-recebe-oficina-sobre-o-premio-culturas-populares-terca-feira-30","status":"publish","type":"post","link":"https:\/\/blogdoedvaldomagalhaes.com.br\/index.php\/2019\/07\/26\/caruaru-recebe-oficina-sobre-o-premio-culturas-populares-terca-feira-30\/","title":{"rendered":"Caruaru recebe oficina sobre o Pr\u00eamio Culturas Populares ter\u00e7a-feira (30)"},"content":{"rendered":"\n<p>Caruaru recebe na pr\u00f3xima ter\u00e7a-feira (30) uma oficina para orientar candidatos a se inscreverem no Pr\u00eamio Culturas Populares \u2013 Edi\u00e7\u00e3o Teixeirinha. O encontro, gratuito e aberto ao p\u00fablico, ser\u00e1 das 14h \u00e0s 16h, no Museu do Barro. As vagas s\u00e3o limitadas. A capacita\u00e7\u00e3o \u00e9 oferecida pelo Minist\u00e9rio da Cidadania em pareceria com a Prefeitura de Caruaru, atrav\u00e9s da Funda\u00e7\u00e3o de Cultura e Turismo.<\/p>\n\n\n\n<p>De acordo com a coordenadora de projetos da FCTC, J\u00f4 Barbosa, a cidade recebeu a oficina do Pr\u00eamio Culturas Populares pela primeira vez em 2017, no in\u00edcio da gest\u00e3o da prefeita Raquel Lyra. \u201cPor causa dessa oficina, oito mestres da cultura popular do nosso munic\u00edpio foram premiados s\u00f3 naquele ano. Em 2018, outros mestres tamb\u00e9m foram selecionados. Com a premia\u00e7\u00e3o eles podem melhorar as condi\u00e7\u00f5es de trabalho, que foi o que a maioria fez, investiu em sua pr\u00f3pria arte\u201d, disse.<\/p>\n\n\n\n<p><em>Pr\u00eamio Culturas Populares &#8211; Teixeirinha<\/em><br>\nSer\u00e3o premiadas 250 iniciativas em todo o pa\u00eds que fortale\u00e7am as express\u00f5es culturais populares brasileiras, retomando pr\u00e1ticas em processo de esquecimento e que difundam as express\u00f5es populares para al\u00e9m dos limites de suas comunidades de origem. Exemplos dessas iniciativas s\u00e3o o Cordel, a Quadrilha, o Maracatu, o Jongo, o Cortejo de Afox\u00e9, o Bumba-Meu-Boi e o Boi de Mam\u00e3o, entre outros. <\/p>\n\n\n\n<p>Os candidatos poder\u00e3o se inscrever para participar do edital at\u00e9 16 de agosto, on-line ou por via postal. Entre os crit\u00e9rios avaliados para obter a premia\u00e7\u00e3o, est\u00e3o: contribui\u00e7\u00e3o sociocultural que o projeto proporcionou \u00e0s comunidades; melhoria da qualidade de vida das comunidades a partir de suas pr\u00e1ticas culturais; e impacto social e contribui\u00e7\u00e3o para a preserva\u00e7\u00e3o da mem\u00f3ria e para a manuten\u00e7\u00e3o das atividades dos grupos, entre outros.<br> <\/p>\n\n\n\n<p>Inscri\u00e7\u00f5es e mais informa\u00e7\u00f5es sobre o Pr\u00eamio: http:\/\/culturaspopulares.cultura.gov.br\/.<\/p>\n","protected":false},"excerpt":{"rendered":"<p>Caruaru recebe na pr\u00f3xima ter\u00e7a-feira (30) uma oficina para orientar candidatos a se inscreverem no Pr\u00eamio Culturas Populares \u2013 Edi\u00e7\u00e3o&hellip;<\/p>\n","protected":false},"author":1,"featured_media":44767,"comment_status":"closed","ping_status":"open","sticky":false,"template":"","format":"standard","meta":{"footnotes":""},"categories":[14120],"tags":[2,15691],"class_list":["post-44766","post","type-post","status-publish","format-standard","has-post-thumbnail","hentry","category-noticias","tag-blog-do-edvaldo-magalhaes","tag-caruaru-recebe-oficina-sobre-o-premio-culturas-populares-terca-feira-30"],"_links":{"self":[{"href":"https:\/\/blogdoedvaldomagalhaes.com.br\/index.php\/wp-json\/wp\/v2\/posts\/44766","targetHints":{"allow":["GET"]}}],"collection":[{"href":"https:\/\/blogdoedvaldomagalhaes.com.br\/index.php\/wp-json\/wp\/v2\/posts"}],"about":[{"href":"https:\/\/blogdoedvaldomagalhaes.com.br\/index.php\/wp-json\/wp\/v2\/types\/post"}],"author":[{"embeddable":true,"href":"https:\/\/blogdoedvaldomagalhaes.com.br\/index.php\/wp-json\/wp\/v2\/users\/1"}],"replies":[{"embeddable":true,"href":"https:\/\/blogdoedvaldomagalhaes.com.br\/index.php\/wp-json\/wp\/v2\/comments?post=44766"}],"version-history":[{"count":1,"href":"https:\/\/blogdoedvaldomagalhaes.com.br\/index.php\/wp-json\/wp\/v2\/posts\/44766\/revisions"}],"predecessor-version":[{"id":44768,"href":"https:\/\/blogdoedvaldomagalhaes.com.br\/index.php\/wp-json\/wp\/v2\/posts\/44766\/revisions\/44768"}],"wp:featuredmedia":[{"embeddable":true,"href":"https:\/\/blogdoedvaldomagalhaes.com.br\/index.php\/wp-json\/wp\/v2\/media\/44767"}],"wp:attachment":[{"href":"https:\/\/blogdoedvaldomagalhaes.com.br\/index.php\/wp-json\/wp\/v2\/media?parent=44766"}],"wp:term":[{"taxonomy":"category","embeddable":true,"href":"https:\/\/blogdoedvaldomagalhaes.com.br\/index.php\/wp-json\/wp\/v2\/categories?post=44766"},{"taxonomy":"post_tag","embeddable":true,"href":"https:\/\/blogdoedvaldomagalhaes.com.br\/index.php\/wp-json\/wp\/v2\/tags?post=44766"}],"curies":[{"name":"wp","href":"https:\/\/api.w.org\/{rel}","templated":true}]}}