{"id":44763,"date":"2019-07-26T21:43:49","date_gmt":"2019-07-27T00:43:49","guid":{"rendered":"http:\/\/blogdoedvaldomagalhaes.com.br\/?p=44763"},"modified":"2019-07-26T21:43:51","modified_gmt":"2019-07-27T00:43:51","slug":"sesi-pe-disponibilizara-cursos-gratuitos-online-de-aperfeicoamento-profissional-em-agosto","status":"publish","type":"post","link":"https:\/\/blogdoedvaldomagalhaes.com.br\/index.php\/2019\/07\/26\/sesi-pe-disponibilizara-cursos-gratuitos-online-de-aperfeicoamento-profissional-em-agosto\/","title":{"rendered":"SESI-PE disponibilizar\u00e1 cursos gratuitos online de aperfei\u00e7oamento profissional em agosto"},"content":{"rendered":"\n<p>Investir na capacita\u00e7\u00e3o profissional \u00e9 uma das formas de se recolocar no mercado de trabalho e driblar o medo do desemprego, que cresceu 2,3 pontos entre abril e junho e alcan\u00e7ou 59,3 pontos, segundo dados da Confedera\u00e7\u00e3o Nacional da Ind\u00fastria (CNI), divulgados em julho. Para quem deseja impulsionar a carreira, o Servi\u00e7o Social da Ind\u00fastria de Pernambuco (SESI-PE) oferece, em agosto, oito cursos gratuitos em seu programa de Educa\u00e7\u00e3o a Dist\u00e2ncia (EAD). As matr\u00edculas v\u00e3o de 1\u00ba a 15 de agosto e podem ser feitas no www.pe.sesi.org.br<\/p>\n\n\n\n<p>Os cursos dispon\u00edveis tanto para o trabalhador da ind\u00fastria quanto para o p\u00fablico geral s\u00e3o: Administrando o seu dinheiro, C\u00f3digo de \u00e9tica, Comunica\u00e7\u00e3o escrita, Introdu\u00e7\u00e3o \u00e0 pesquisa e an\u00e1lise de mercado, Libras, Entendendo a NR 9 \u2013 Programa de Preven\u00e7\u00e3o de Riscos Ambientais (PPRA), Sa\u00fade e seguran\u00e7a para jovens trabalhadores e Entendendo o Fator Acident\u00e1rio de Preven\u00e7\u00e3o (FAP) e o Nexo T\u00e9cnico Previdenci\u00e1rio (NTEP).<\/p>\n\n\n\n<p>\u201cAs cargas hor\u00e1rias variam de cinco a 30 horas, e todos os m\u00f3dulos dos cursos s\u00e3o online, o que permite ao estudante escolher o melhor local e hor\u00e1rio para realiz\u00e1-los.A modalidade de ensino a dist\u00e2ncia proporciona flexibilidade, de modo que o pr\u00f3prio aluno possa gerir o seu ritmo de aprendizagem\u201d, comenta a analista do SESI-PE, Grace Barbosa.<\/p>\n\n\n\n<p>Para receber a Certifica\u00e7\u00e3o de Conclus\u00e3o, o aluno precisa cumprir a carga hor\u00e1ria total do curso e atingir 70 pontos em uma avalia\u00e7\u00e3o aplicada tamb\u00e9m no ambiente virtual. Os pr\u00e9-requisitos para realizar a inscri\u00e7\u00e3o s\u00e3o possuir e-mail e ter no\u00e7\u00f5es b\u00e1sicas de inform\u00e1tica. Outras informa\u00e7\u00f5es pelo telefone (81) 3412.8353 ou pelo e-maileducacao.distancia@pe.sesi.org.br<\/p>\n","protected":false},"excerpt":{"rendered":"<p>Investir na capacita\u00e7\u00e3o profissional \u00e9 uma das formas de se recolocar no mercado de trabalho e driblar o medo do&hellip;<\/p>\n","protected":false},"author":1,"featured_media":44764,"comment_status":"closed","ping_status":"open","sticky":false,"template":"","format":"standard","meta":{"footnotes":""},"categories":[14120],"tags":[2,15690],"class_list":["post-44763","post","type-post","status-publish","format-standard","has-post-thumbnail","hentry","category-noticias","tag-blog-do-edvaldo-magalhaes","tag-sesi-pe-disponibilizara-cursos-gratuitos-online-de-aperfeicoamento-profissional-em-agosto"],"_links":{"self":[{"href":"https:\/\/blogdoedvaldomagalhaes.com.br\/index.php\/wp-json\/wp\/v2\/posts\/44763","targetHints":{"allow":["GET"]}}],"collection":[{"href":"https:\/\/blogdoedvaldomagalhaes.com.br\/index.php\/wp-json\/wp\/v2\/posts"}],"about":[{"href":"https:\/\/blogdoedvaldomagalhaes.com.br\/index.php\/wp-json\/wp\/v2\/types\/post"}],"author":[{"embeddable":true,"href":"https:\/\/blogdoedvaldomagalhaes.com.br\/index.php\/wp-json\/wp\/v2\/users\/1"}],"replies":[{"embeddable":true,"href":"https:\/\/blogdoedvaldomagalhaes.com.br\/index.php\/wp-json\/wp\/v2\/comments?post=44763"}],"version-history":[{"count":1,"href":"https:\/\/blogdoedvaldomagalhaes.com.br\/index.php\/wp-json\/wp\/v2\/posts\/44763\/revisions"}],"predecessor-version":[{"id":44765,"href":"https:\/\/blogdoedvaldomagalhaes.com.br\/index.php\/wp-json\/wp\/v2\/posts\/44763\/revisions\/44765"}],"wp:featuredmedia":[{"embeddable":true,"href":"https:\/\/blogdoedvaldomagalhaes.com.br\/index.php\/wp-json\/wp\/v2\/media\/44764"}],"wp:attachment":[{"href":"https:\/\/blogdoedvaldomagalhaes.com.br\/index.php\/wp-json\/wp\/v2\/media?parent=44763"}],"wp:term":[{"taxonomy":"category","embeddable":true,"href":"https:\/\/blogdoedvaldomagalhaes.com.br\/index.php\/wp-json\/wp\/v2\/categories?post=44763"},{"taxonomy":"post_tag","embeddable":true,"href":"https:\/\/blogdoedvaldomagalhaes.com.br\/index.php\/wp-json\/wp\/v2\/tags?post=44763"}],"curies":[{"name":"wp","href":"https:\/\/api.w.org\/{rel}","templated":true}]}}