{"id":44760,"date":"2019-07-26T21:28:33","date_gmt":"2019-07-27T00:28:33","guid":{"rendered":"http:\/\/blogdoedvaldomagalhaes.com.br\/?p=44760"},"modified":"2019-07-26T21:28:40","modified_gmt":"2019-07-27T00:28:40","slug":"empresas-locais-participam-da-rodada-de-negocios-pelo-programa-caruaru-moda-mundo","status":"publish","type":"post","link":"https:\/\/blogdoedvaldomagalhaes.com.br\/index.php\/2019\/07\/26\/empresas-locais-participam-da-rodada-de-negocios-pelo-programa-caruaru-moda-mundo\/","title":{"rendered":"Empresas locais participam da Rodada de Neg\u00f3cios pelo programa Caruaru Moda Mundo"},"content":{"rendered":"\n<p>Empresas locais participam da Rodada de Neg\u00f3cios pelo programa Caruaru Moda Mundo<\/p>\n\n\n\n<p>Dez empresas de Caruaru, apoiadas pelo programa da prefeitura municipal, poder\u00e3o expor no evento<\/p>\n\n\n\n<p>O Caruaru Moda Mundo, programa de qualifica\u00e7\u00e3o e capacita\u00e7\u00e3o em moda da Prefeitura Municipal de Caruaru, em correaliza\u00e7\u00e3o com o Sebrae e parceria da Acic e Armaz\u00e9m da Criatividade, estar\u00e1 presente na 28\u00aa Rodada de Neg\u00f3cios da Moda Pernambucana em uma ala exclusiva, a partir da pr\u00f3xima quarta-feira, dia 31.<br><\/p>\n\n\n\n<p>Durante o evento, as empresas ir\u00e3o expor todo o conhecimento adquirido nas mentorias de gest\u00e3o e inova\u00e7\u00e3o, atrav\u00e9s de pe\u00e7as produzidas no programa, al\u00e9m de ter contato com compradores de todo o pa\u00eds. <br> \u201cO Caruaru Moda Mundo \u00e9 um programa de qualifica\u00e7\u00e3o e capacita\u00e7\u00e3o em moda para empresas de confec\u00e7\u00e3o que estamos desenvolvendo desde o in\u00edcio do ano, com dez empresas do munic\u00edpio. Elas estar\u00e3o numa ala exclusiva do programa na 28\u00aa Rodada de Neg\u00f3cios e, depois, ainda receber\u00e3o mais dois meses de acompanhamento para entregar tudo aquilo que foi vendido durante o evento\u201d, destaca o secret\u00e1rio municipal de Desenvolvimento Econ\u00f4mico e Economia Criativa, Jo\u00e3o Melo Neto.<br><\/p>\n\n\n\n<p>A rodada ser\u00e1 realizada nos dias 31\/07, 1\u00ba e 02\/08, no Polo Caruaru.<\/p>\n","protected":false},"excerpt":{"rendered":"<p>Empresas locais participam da Rodada de Neg\u00f3cios pelo programa Caruaru Moda Mundo Dez empresas de Caruaru, apoiadas pelo programa da&hellip;<\/p>\n","protected":false},"author":1,"featured_media":44761,"comment_status":"closed","ping_status":"open","sticky":false,"template":"","format":"standard","meta":{"footnotes":""},"categories":[14120],"tags":[2,15689],"class_list":["post-44760","post","type-post","status-publish","format-standard","has-post-thumbnail","hentry","category-noticias","tag-blog-do-edvaldo-magalhaes","tag-empresas-locais-participam-da-rodada-de-negocios-pelo-programa-caruaru-moda-mundo"],"_links":{"self":[{"href":"https:\/\/blogdoedvaldomagalhaes.com.br\/index.php\/wp-json\/wp\/v2\/posts\/44760","targetHints":{"allow":["GET"]}}],"collection":[{"href":"https:\/\/blogdoedvaldomagalhaes.com.br\/index.php\/wp-json\/wp\/v2\/posts"}],"about":[{"href":"https:\/\/blogdoedvaldomagalhaes.com.br\/index.php\/wp-json\/wp\/v2\/types\/post"}],"author":[{"embeddable":true,"href":"https:\/\/blogdoedvaldomagalhaes.com.br\/index.php\/wp-json\/wp\/v2\/users\/1"}],"replies":[{"embeddable":true,"href":"https:\/\/blogdoedvaldomagalhaes.com.br\/index.php\/wp-json\/wp\/v2\/comments?post=44760"}],"version-history":[{"count":1,"href":"https:\/\/blogdoedvaldomagalhaes.com.br\/index.php\/wp-json\/wp\/v2\/posts\/44760\/revisions"}],"predecessor-version":[{"id":44762,"href":"https:\/\/blogdoedvaldomagalhaes.com.br\/index.php\/wp-json\/wp\/v2\/posts\/44760\/revisions\/44762"}],"wp:featuredmedia":[{"embeddable":true,"href":"https:\/\/blogdoedvaldomagalhaes.com.br\/index.php\/wp-json\/wp\/v2\/media\/44761"}],"wp:attachment":[{"href":"https:\/\/blogdoedvaldomagalhaes.com.br\/index.php\/wp-json\/wp\/v2\/media?parent=44760"}],"wp:term":[{"taxonomy":"category","embeddable":true,"href":"https:\/\/blogdoedvaldomagalhaes.com.br\/index.php\/wp-json\/wp\/v2\/categories?post=44760"},{"taxonomy":"post_tag","embeddable":true,"href":"https:\/\/blogdoedvaldomagalhaes.com.br\/index.php\/wp-json\/wp\/v2\/tags?post=44760"}],"curies":[{"name":"wp","href":"https:\/\/api.w.org\/{rel}","templated":true}]}}