{"id":44754,"date":"2019-07-26T21:21:00","date_gmt":"2019-07-27T00:21:00","guid":{"rendered":"http:\/\/blogdoedvaldomagalhaes.com.br\/?p=44754"},"modified":"2019-07-26T21:21:02","modified_gmt":"2019-07-27T00:21:02","slug":"chapa-renovacao-lanca-candidatura-a-presidencia-do-pt-caruaru","status":"publish","type":"post","link":"https:\/\/blogdoedvaldomagalhaes.com.br\/index.php\/2019\/07\/26\/chapa-renovacao-lanca-candidatura-a-presidencia-do-pt-caruaru\/","title":{"rendered":"Chapa &#8220;Renova\u00e7\u00e3o&#8221; lan\u00e7a candidatura \u00e0 presid\u00eancia do PT Caruaru"},"content":{"rendered":"\n<p>Encabe\u00e7ado por Leonardo Bulh\u00f5es, o grupo conta com representantes de movimentos sociais e de diversas correntes do partido.<\/p>\n\n\n\n<p>Foi lan\u00e7ada, nesta quinta-feira (25), no Sal\u00e3o Nobre da C\u00e2mara Municipal de Caruaru, a chapa &#8216;RenovA\u00e7\u00e3o&#8217;, que disputar\u00e1 a presid\u00eancia do diret\u00f3rio do PT na cidade. Encabe\u00e7ado pelo ativista pol\u00edtico Leonardo Bulh\u00f5es, o grupo conta com representantes de movimentos sociais e de diversas correntes do partido.<\/p>\n\n\n\n<figure class=\"wp-block-image\"><img loading=\"lazy\" decoding=\"async\" width=\"1024\" height=\"683\" src=\"http:\/\/blogdoedvaldomagalhaes.com.br\/wp-content\/uploads\/2019\/07\/IMG-20190726-WA0003-1024x683.jpg\" alt=\"\" class=\"wp-image-44756\" srcset=\"https:\/\/blogdoedvaldomagalhaes.com.br\/wp-content\/uploads\/2019\/07\/IMG-20190726-WA0003-1024x683.jpg 1024w, https:\/\/blogdoedvaldomagalhaes.com.br\/wp-content\/uploads\/2019\/07\/IMG-20190726-WA0003-300x200.jpg 300w, https:\/\/blogdoedvaldomagalhaes.com.br\/wp-content\/uploads\/2019\/07\/IMG-20190726-WA0003-768x512.jpg 768w, https:\/\/blogdoedvaldomagalhaes.com.br\/wp-content\/uploads\/2019\/07\/IMG-20190726-WA0003.jpg 1125w\" sizes=\"auto, (max-width: 1024px) 100vw, 1024px\" \/><\/figure>\n\n\n\n<p>Com o objetivo de reestruturar a legenda no munic\u00edpio, a chapa apresentou 13 compromissos de renova\u00e7\u00e3o, que incluem pautas como a defesa da liberdade do ex-presidente Lula, a luta pela causa trabalhista e pelos direitos humanos, a amplia\u00e7\u00e3o da participa\u00e7\u00e3o do partido na C\u00e2mara Municipal e a constru\u00e7\u00e3o de uma sede para o diret\u00f3rio.<\/p>\n\n\n\n<figure class=\"wp-block-image\"><img loading=\"lazy\" decoding=\"async\" width=\"1024\" height=\"683\" src=\"http:\/\/blogdoedvaldomagalhaes.com.br\/wp-content\/uploads\/2019\/07\/IMG-20190726-WA0004-1024x683.jpg\" alt=\"\" class=\"wp-image-44757\" srcset=\"https:\/\/blogdoedvaldomagalhaes.com.br\/wp-content\/uploads\/2019\/07\/IMG-20190726-WA0004-1024x683.jpg 1024w, https:\/\/blogdoedvaldomagalhaes.com.br\/wp-content\/uploads\/2019\/07\/IMG-20190726-WA0004-300x200.jpg 300w, https:\/\/blogdoedvaldomagalhaes.com.br\/wp-content\/uploads\/2019\/07\/IMG-20190726-WA0004-768x512.jpg 768w, https:\/\/blogdoedvaldomagalhaes.com.br\/wp-content\/uploads\/2019\/07\/IMG-20190726-WA0004.jpg 1125w\" sizes=\"auto, (max-width: 1024px) 100vw, 1024px\" \/><\/figure>\n\n\n\n<p>&#8220;Queremos um partido que esteja vivo, no sentido de fazer reuni\u00f5es, de ter plen\u00e1rias, de ter uma presta\u00e7\u00e3o de contas. Um partido que esteja nas ruas com os movimentos sociais, que esteja no dia-a-dia da vida pol\u00edtica da cidade, que tenha posi\u00e7\u00e3o pol\u00edtica com rela\u00e7\u00e3o ao governo municipal, que dialogue com os mandatos estaduais e federais&#8221;, defende Leonardo.<\/p>\n\n\n\n<figure class=\"wp-block-image\"><img loading=\"lazy\" decoding=\"async\" width=\"1024\" height=\"683\" src=\"http:\/\/blogdoedvaldomagalhaes.com.br\/wp-content\/uploads\/2019\/07\/IMG-20190726-WA0005-1024x683.jpg\" alt=\"\" class=\"wp-image-44758\" srcset=\"https:\/\/blogdoedvaldomagalhaes.com.br\/wp-content\/uploads\/2019\/07\/IMG-20190726-WA0005-1024x683.jpg 1024w, https:\/\/blogdoedvaldomagalhaes.com.br\/wp-content\/uploads\/2019\/07\/IMG-20190726-WA0005-300x200.jpg 300w, https:\/\/blogdoedvaldomagalhaes.com.br\/wp-content\/uploads\/2019\/07\/IMG-20190726-WA0005-768x512.jpg 768w, https:\/\/blogdoedvaldomagalhaes.com.br\/wp-content\/uploads\/2019\/07\/IMG-20190726-WA0005.jpg 1125w\" sizes=\"auto, (max-width: 1024px) 100vw, 1024px\" \/><\/figure>\n\n\n\n<p>Apoiado a n\u00edvel municipal pelo vereador Daniel Finizola, que fez parte da elabora\u00e7\u00e3o das pautas da chapa, o grupo tamb\u00e9m conta com o apoio de diversos representantes da legenda, como a deputada estadual Teresa Leit\u00e3o, o deputado federal Carlos Veras e o presidente estadual do partido, Glaucus Lima.<\/p>\n\n\n\n<p>As elei\u00e7\u00f5es internas do PT est\u00e3o marcadas para o dia 8 de setembro. Em Caruaru, a vota\u00e7\u00e3o acontece na C\u00e2mara Municipal, das 9h \u00e0s 17h.<\/p>\n","protected":false},"excerpt":{"rendered":"<p>Encabe\u00e7ado por Leonardo Bulh\u00f5es, o grupo conta com representantes de movimentos sociais e de diversas correntes do partido. Foi lan\u00e7ada,&hellip;<\/p>\n","protected":false},"author":1,"featured_media":44755,"comment_status":"closed","ping_status":"open","sticky":false,"template":"","format":"standard","meta":{"footnotes":""},"categories":[14122],"tags":[2,15688],"class_list":["post-44754","post","type-post","status-publish","format-standard","has-post-thumbnail","hentry","category-politica","tag-blog-do-edvaldo-magalhaes","tag-chapa-renovacao-lanca-candidatura-a-presidencia-do-pt-caruaru"],"_links":{"self":[{"href":"https:\/\/blogdoedvaldomagalhaes.com.br\/index.php\/wp-json\/wp\/v2\/posts\/44754","targetHints":{"allow":["GET"]}}],"collection":[{"href":"https:\/\/blogdoedvaldomagalhaes.com.br\/index.php\/wp-json\/wp\/v2\/posts"}],"about":[{"href":"https:\/\/blogdoedvaldomagalhaes.com.br\/index.php\/wp-json\/wp\/v2\/types\/post"}],"author":[{"embeddable":true,"href":"https:\/\/blogdoedvaldomagalhaes.com.br\/index.php\/wp-json\/wp\/v2\/users\/1"}],"replies":[{"embeddable":true,"href":"https:\/\/blogdoedvaldomagalhaes.com.br\/index.php\/wp-json\/wp\/v2\/comments?post=44754"}],"version-history":[{"count":1,"href":"https:\/\/blogdoedvaldomagalhaes.com.br\/index.php\/wp-json\/wp\/v2\/posts\/44754\/revisions"}],"predecessor-version":[{"id":44759,"href":"https:\/\/blogdoedvaldomagalhaes.com.br\/index.php\/wp-json\/wp\/v2\/posts\/44754\/revisions\/44759"}],"wp:featuredmedia":[{"embeddable":true,"href":"https:\/\/blogdoedvaldomagalhaes.com.br\/index.php\/wp-json\/wp\/v2\/media\/44755"}],"wp:attachment":[{"href":"https:\/\/blogdoedvaldomagalhaes.com.br\/index.php\/wp-json\/wp\/v2\/media?parent=44754"}],"wp:term":[{"taxonomy":"category","embeddable":true,"href":"https:\/\/blogdoedvaldomagalhaes.com.br\/index.php\/wp-json\/wp\/v2\/categories?post=44754"},{"taxonomy":"post_tag","embeddable":true,"href":"https:\/\/blogdoedvaldomagalhaes.com.br\/index.php\/wp-json\/wp\/v2\/tags?post=44754"}],"curies":[{"name":"wp","href":"https:\/\/api.w.org\/{rel}","templated":true}]}}