{"id":44751,"date":"2019-07-26T18:18:46","date_gmt":"2019-07-26T21:18:46","guid":{"rendered":"http:\/\/blogdoedvaldomagalhaes.com.br\/?p=44751"},"modified":"2019-07-26T18:18:49","modified_gmt":"2019-07-26T21:18:49","slug":"assai-abrira-loja-no-estacionamento-da-feira-da-sulanca-da-fundac-em-caruaru","status":"publish","type":"post","link":"https:\/\/blogdoedvaldomagalhaes.com.br\/index.php\/2019\/07\/26\/assai-abrira-loja-no-estacionamento-da-feira-da-sulanca-da-fundac-em-caruaru\/","title":{"rendered":"Assa\u00ed abrir\u00e1 loja no estacionamento da &#8216;Feira da Sulanca da Fundac&#8217; em Caruaru"},"content":{"rendered":"\n<p>A rede de supermercados ASSA\u00cd vai abrir sua segunda unidade em Caruaru.  A nova loja vai funcionar na \u00e1rea de estacionamento conhecida como \u2018Feira da Sulanca da Fundac\u2019. A licen\u00e7a de constru\u00e7\u00e3o foi liberada hoje pela prefeitura e as obras j\u00e1 come\u00e7am na pr\u00f3xima semana.<br> Segundo informa\u00e7\u00f5es que nossa equipe de reportagem teve acesso, a nova loja do ASSA\u00cd ter\u00e1 um modelo parecido com a loja do Atacad\u00e3o, que fica do outro lado da rua. Vale lembrar que a \u00e1rea de estacionamento ser\u00e1 compartilhada entre a Feira da Sulanca e o supermercado oferecendo cerca de 700 vagas para ve\u00edculos e 180 para motos.<\/p>\n","protected":false},"excerpt":{"rendered":"<p>A rede de supermercados ASSA\u00cd vai abrir sua segunda unidade em Caruaru. A nova loja vai funcionar na \u00e1rea de&hellip;<\/p>\n","protected":false},"author":1,"featured_media":44752,"comment_status":"closed","ping_status":"open","sticky":false,"template":"","format":"standard","meta":{"footnotes":""},"categories":[14120],"tags":[2],"class_list":["post-44751","post","type-post","status-publish","format-standard","has-post-thumbnail","hentry","category-noticias","tag-blog-do-edvaldo-magalhaes"],"_links":{"self":[{"href":"https:\/\/blogdoedvaldomagalhaes.com.br\/index.php\/wp-json\/wp\/v2\/posts\/44751","targetHints":{"allow":["GET"]}}],"collection":[{"href":"https:\/\/blogdoedvaldomagalhaes.com.br\/index.php\/wp-json\/wp\/v2\/posts"}],"about":[{"href":"https:\/\/blogdoedvaldomagalhaes.com.br\/index.php\/wp-json\/wp\/v2\/types\/post"}],"author":[{"embeddable":true,"href":"https:\/\/blogdoedvaldomagalhaes.com.br\/index.php\/wp-json\/wp\/v2\/users\/1"}],"replies":[{"embeddable":true,"href":"https:\/\/blogdoedvaldomagalhaes.com.br\/index.php\/wp-json\/wp\/v2\/comments?post=44751"}],"version-history":[{"count":1,"href":"https:\/\/blogdoedvaldomagalhaes.com.br\/index.php\/wp-json\/wp\/v2\/posts\/44751\/revisions"}],"predecessor-version":[{"id":44753,"href":"https:\/\/blogdoedvaldomagalhaes.com.br\/index.php\/wp-json\/wp\/v2\/posts\/44751\/revisions\/44753"}],"wp:featuredmedia":[{"embeddable":true,"href":"https:\/\/blogdoedvaldomagalhaes.com.br\/index.php\/wp-json\/wp\/v2\/media\/44752"}],"wp:attachment":[{"href":"https:\/\/blogdoedvaldomagalhaes.com.br\/index.php\/wp-json\/wp\/v2\/media?parent=44751"}],"wp:term":[{"taxonomy":"category","embeddable":true,"href":"https:\/\/blogdoedvaldomagalhaes.com.br\/index.php\/wp-json\/wp\/v2\/categories?post=44751"},{"taxonomy":"post_tag","embeddable":true,"href":"https:\/\/blogdoedvaldomagalhaes.com.br\/index.php\/wp-json\/wp\/v2\/tags?post=44751"}],"curies":[{"name":"wp","href":"https:\/\/api.w.org\/{rel}","templated":true}]}}