{"id":44748,"date":"2019-07-26T18:06:08","date_gmt":"2019-07-26T21:06:08","guid":{"rendered":"http:\/\/blogdoedvaldomagalhaes.com.br\/?p=44748"},"modified":"2019-07-26T18:06:13","modified_gmt":"2019-07-26T21:06:13","slug":"irmandade-eleko-realiza-ii-encontro-das-mulheres-de-terreiros-de-caruaru","status":"publish","type":"post","link":"https:\/\/blogdoedvaldomagalhaes.com.br\/index.php\/2019\/07\/26\/irmandade-eleko-realiza-ii-encontro-das-mulheres-de-terreiros-de-caruaru\/","title":{"rendered":"Irmandade Elek\u00f4 realiza II Encontro das Mulheres de Terreiros de Caruaru"},"content":{"rendered":"\n<p>A Irmandade Elek\u00f4, realizou  nesse  dia 25 de  julho, o II Encontro das  Mulheres  de  Terreiros  de Caruaru, que teve como tema desse ano, Ax\u00e9, a For\u00e7a que nos Une, trazendo para  esse  momento de  reflex\u00e3o, Ciani Sueli Das Neves, mulher  de  terreiro filha  de Nan\u00e3,  mestra em ci\u00eancias jur\u00eddicas pela  UFPB (Universidade Federal da  Paraiba) e professora de direitos humanos e direito internacional p\u00fablico, doutoranda em Direito  pela Unicap (Universidade  Cat\u00f3lica  de Pernambuco).<\/p>\n\n\n\n<p>A  reflex\u00e3o trazida  pela mestra Ciane Sueli,fez  uma  breve demostra\u00e7\u00e3o da  conjutura pol\u00edtica  atual, de  como essas  mulheres  est\u00e3o inseridas  nas lutas  e  resist\u00eancias e no combate  ao racismo religioso sofrido pelo povo de  terreiro nas realiza\u00e7\u00f5es  dos  seus ritos  sagrados  do Candombl\u00e9. <\/p>\n\n\n\n<p>A  pr\u00e1tica cotidiana de  ataques  a  terreiros por  todo pa\u00eds,  vem demostrando  o quanto preconceituoso e  racista  ainda  \u00e9  o nosso povo. Racismo religioso \u00e9  crime, e  mesmo assim os  preconceitos  e  ataques ao  povo de religi\u00e3o de  matriz  africana tem se  tornado uma  pr\u00e1tica corriqueira.<br>\nEstar na linha  de  frente  a  essa  luta  contra  racismos, preconceitos  e  viol\u00eancias  \u00e9  tamb\u00e9m uma  tarefa  ardua  para  as mulheres, que  na  maioria  desses  ataques  s\u00e3o ainda  as  maiores  v\u00edtimas.<\/p>\n\n\n\n<p>E \u00e9 nesse sentido que a Irmandade Elek\u00f4, coletivo afro-religioso, vem  contribuindo para  o fortalecimento dos  povos  de  terreiros  a  partir  dos  encontros realizados  pelas  mulheres, onde  contam tamb\u00e9m com a participa\u00e7\u00e3o dos  homens  que  vem sendo parceiros para essa constru\u00e7\u00e3o das  mulheres, onde a  elas  \u00e9  reconhecido  todo o  protagonismo, contribuindo  dessa  forma  para  a  constru\u00e7\u00e3o de  uma  sociedade livre  de preconceitos bem como todas  as  formas  de  viol\u00eancias.<\/p>\n\n\n\n<p>O Encontro al\u00e9m de  inserir-se na programa\u00e7\u00e3o do calend\u00e1rio da  cidade para as comemora\u00e7\u00f5es   nas  viv\u00eancias alusivas ao Dia 25 de julho, data  esta de  grande  simbolismo para  as  Mulheres  Negras, tem acima de  tudo a import\u00e2ncia  da visibilidade para  a  religi\u00e3o de  matriz africana no que  se  refere  a  participa\u00e7\u00e3o das  mulheres  dentro da  religi\u00e3o, principalmente  na representatividade  ancestral dessas  mulheres  em sua contru\u00e7\u00e3o de  f\u00e9 e  devo\u00e7\u00e3o ao divino feminino. No encontro  tamb\u00e9m foi oficializada a entrega do  T\u00edtulo TERESA DE BENGUELA, a Mamento Dandaressu- Chris Mendes, t\u00edtulo esse  que  ser\u00e1 entregue a  cada edi\u00e7\u00e3o do encontro a  uma  mulher  de  terreiro por  sua contribui\u00e7\u00e3o nas  a\u00e7\u00f5es  e  lutas  deste  povo.<\/p>\n\n\n\n<p>Do encontro  realizado ontem por  essas mulheres  aguerridas, permance  o ensinamento de  suas  ancestralidades, do respeito e  devo\u00e7\u00e3o de  um povo que continuar\u00e1 lutando pela  melhoria  de uma  sociedade,  para  que seja  justa  e  digna  para  todas  e todos.<\/p>\n","protected":false},"excerpt":{"rendered":"<p>A Irmandade Elek\u00f4, realizou nesse dia 25 de julho, o II Encontro das Mulheres de Terreiros de Caruaru, que teve&hellip;<\/p>\n","protected":false},"author":1,"featured_media":44749,"comment_status":"closed","ping_status":"open","sticky":false,"template":"","format":"standard","meta":{"footnotes":""},"categories":[14120],"tags":[2,15686],"class_list":["post-44748","post","type-post","status-publish","format-standard","has-post-thumbnail","hentry","category-noticias","tag-blog-do-edvaldo-magalhaes","tag-irmandade-eleko-realiza-ii-encontro-das-mulheres-de-terreiros-de-caruaru"],"_links":{"self":[{"href":"https:\/\/blogdoedvaldomagalhaes.com.br\/index.php\/wp-json\/wp\/v2\/posts\/44748","targetHints":{"allow":["GET"]}}],"collection":[{"href":"https:\/\/blogdoedvaldomagalhaes.com.br\/index.php\/wp-json\/wp\/v2\/posts"}],"about":[{"href":"https:\/\/blogdoedvaldomagalhaes.com.br\/index.php\/wp-json\/wp\/v2\/types\/post"}],"author":[{"embeddable":true,"href":"https:\/\/blogdoedvaldomagalhaes.com.br\/index.php\/wp-json\/wp\/v2\/users\/1"}],"replies":[{"embeddable":true,"href":"https:\/\/blogdoedvaldomagalhaes.com.br\/index.php\/wp-json\/wp\/v2\/comments?post=44748"}],"version-history":[{"count":1,"href":"https:\/\/blogdoedvaldomagalhaes.com.br\/index.php\/wp-json\/wp\/v2\/posts\/44748\/revisions"}],"predecessor-version":[{"id":44750,"href":"https:\/\/blogdoedvaldomagalhaes.com.br\/index.php\/wp-json\/wp\/v2\/posts\/44748\/revisions\/44750"}],"wp:featuredmedia":[{"embeddable":true,"href":"https:\/\/blogdoedvaldomagalhaes.com.br\/index.php\/wp-json\/wp\/v2\/media\/44749"}],"wp:attachment":[{"href":"https:\/\/blogdoedvaldomagalhaes.com.br\/index.php\/wp-json\/wp\/v2\/media?parent=44748"}],"wp:term":[{"taxonomy":"category","embeddable":true,"href":"https:\/\/blogdoedvaldomagalhaes.com.br\/index.php\/wp-json\/wp\/v2\/categories?post=44748"},{"taxonomy":"post_tag","embeddable":true,"href":"https:\/\/blogdoedvaldomagalhaes.com.br\/index.php\/wp-json\/wp\/v2\/tags?post=44748"}],"curies":[{"name":"wp","href":"https:\/\/api.w.org\/{rel}","templated":true}]}}