{"id":44742,"date":"2019-07-26T12:44:17","date_gmt":"2019-07-26T15:44:17","guid":{"rendered":"http:\/\/blogdoedvaldomagalhaes.com.br\/?p=44742"},"modified":"2019-07-26T12:44:20","modified_gmt":"2019-07-26T15:44:20","slug":"prefeita-raquel-lyra-acompanha-lancamento-do-residencial-severino-quirino-em-caruaru","status":"publish","type":"post","link":"https:\/\/blogdoedvaldomagalhaes.com.br\/index.php\/2019\/07\/26\/prefeita-raquel-lyra-acompanha-lancamento-do-residencial-severino-quirino-em-caruaru\/","title":{"rendered":"Prefeita Raquel Lyra acompanha  lan\u00e7amento do Residencial Severino Quirino em Caruaru"},"content":{"rendered":"\n<p><em>O projeto ir\u00e1 beneficiar as fam\u00edlias filiadas ao MTST que ocuparam uma \u00e1rea pr\u00f3xima ao Pres\u00eddio Juiz Pl\u00e1cido de Souza<\/em><\/p>\n\n\n\n<p>A prefeita de Caruaru, Raquel Lyra, esteve nesta quinta-feira (25) no ato de lan\u00e7amento da pedra fundamental do Residencial Severino Quirino, que ser\u00e1 constru\u00eddo em Caruaru, pelo Minha Casa, Minha Vida &#8211; Entidades. A a\u00e7\u00e3o aconteceu no terreno do DNIT (Pr\u00f3ximo \u00e0 Penitenci\u00e1ria Juiz Pl\u00e1cido de Souza), local onde vai ser o empreendimento, e reuniu benefici\u00e1rios, representantes do Poder Executivo e Legislativo Municipal. Nesse projeto, em que as entidades envolvidas \u00e9 que v\u00e3o em busca dos recursos do Governo Federal para a constru\u00e7\u00e3o das moradias, est\u00e3o \u00e0 frente o Movimento dos Trabalhadores Sem Teto (MTST), o Movimento Popular pela Reforma Urbana (MPRU) e a Uni\u00e3o Nacional pela Moradia Popular.<\/p>\n\n\n\n<figure class=\"wp-block-image\"><img loading=\"lazy\" decoding=\"async\" width=\"1024\" height=\"682\" src=\"http:\/\/blogdoedvaldomagalhaes.com.br\/wp-content\/uploads\/2019\/07\/IMG-20190726-WA0063-1024x682.jpg\" alt=\"\" class=\"wp-image-44744\" srcset=\"https:\/\/blogdoedvaldomagalhaes.com.br\/wp-content\/uploads\/2019\/07\/IMG-20190726-WA0063-1024x682.jpg 1024w, https:\/\/blogdoedvaldomagalhaes.com.br\/wp-content\/uploads\/2019\/07\/IMG-20190726-WA0063-300x200.jpg 300w, https:\/\/blogdoedvaldomagalhaes.com.br\/wp-content\/uploads\/2019\/07\/IMG-20190726-WA0063-768x512.jpg 768w, https:\/\/blogdoedvaldomagalhaes.com.br\/wp-content\/uploads\/2019\/07\/IMG-20190726-WA0063.jpg 1280w\" sizes=\"auto, (max-width: 1024px) 100vw, 1024px\" \/><\/figure>\n\n\n\n<p>O projeto ir\u00e1 beneficiar as fam\u00edlias filiadas ao MTST que conseguiram ocupar uma \u00e1rea localizada nas proximidades do Pres\u00eddio Juiz Pl\u00e1cido de Souza, no munic\u00edpio, onde as habita\u00e7\u00f5es ser\u00e3o constru\u00eddas. O projeto \u00e9 da Associa\u00e7\u00e3o de Apoio aos Sem Teto da Regi\u00e3o Nordeste, que conseguiu a verba de R$ 15.358.464,00 para o empreendimento, atrav\u00e9s do Minist\u00e9rio das Cidades e Caixa Econ\u00f4mica Federal, para aprovar a constru\u00e7\u00e3o de 192 apartamentos no local, inclu\u00edndo equipamentos comunit\u00e1rios e infraestrutura. As obras t\u00eam previs\u00e3o para iniciar em agosto de 2019, com finaliza\u00e7\u00e3o em 24 meses, e ir\u00e3o ocupar uma \u00e1rea de 8.710,56m\u00b2.<\/p>\n\n\n\n<figure class=\"wp-block-image\"><img loading=\"lazy\" decoding=\"async\" width=\"1024\" height=\"682\" src=\"http:\/\/blogdoedvaldomagalhaes.com.br\/wp-content\/uploads\/2019\/07\/IMG-20190726-WA0066-1024x682.jpg\" alt=\"\" class=\"wp-image-44745\" srcset=\"https:\/\/blogdoedvaldomagalhaes.com.br\/wp-content\/uploads\/2019\/07\/IMG-20190726-WA0066-1024x682.jpg 1024w, https:\/\/blogdoedvaldomagalhaes.com.br\/wp-content\/uploads\/2019\/07\/IMG-20190726-WA0066-300x200.jpg 300w, https:\/\/blogdoedvaldomagalhaes.com.br\/wp-content\/uploads\/2019\/07\/IMG-20190726-WA0066-768x512.jpg 768w, https:\/\/blogdoedvaldomagalhaes.com.br\/wp-content\/uploads\/2019\/07\/IMG-20190726-WA0066.jpg 1280w\" sizes=\"auto, (max-width: 1024px) 100vw, 1024px\" \/><\/figure>\n\n\n\n<p>\u201cEu acompanhei, ainda como deputada, a luta desse povo por moradia, a ocupa\u00e7\u00e3o, a luta para ter o empreendimento, ter o patrim\u00f4nio, e depois o recurso, e hoje, poder lan\u00e7ar a pedra fundamental aqui \u00e9 uma alegria. A associa\u00e7\u00e3o vai construir e a prefeitura est\u00e1 dando todo o suporte necess\u00e1rio. Vamos trabalhar junto com eles para que esses apartamentos que ser\u00e3o constru\u00eddos se transformem numa verdadeira comunidade e eles possam ter uma nova vida aqui em Caruaru\u201d, destacou a prefeita de Caruaru, Raquel Lyra.<\/p>\n\n\n\n<figure class=\"wp-block-image\"><img loading=\"lazy\" decoding=\"async\" width=\"1024\" height=\"682\" src=\"http:\/\/blogdoedvaldomagalhaes.com.br\/wp-content\/uploads\/2019\/07\/IMG-20190726-WA0060-1024x682.jpg\" alt=\"\" class=\"wp-image-44746\" srcset=\"https:\/\/blogdoedvaldomagalhaes.com.br\/wp-content\/uploads\/2019\/07\/IMG-20190726-WA0060-1024x682.jpg 1024w, https:\/\/blogdoedvaldomagalhaes.com.br\/wp-content\/uploads\/2019\/07\/IMG-20190726-WA0060-300x200.jpg 300w, https:\/\/blogdoedvaldomagalhaes.com.br\/wp-content\/uploads\/2019\/07\/IMG-20190726-WA0060-768x512.jpg 768w, https:\/\/blogdoedvaldomagalhaes.com.br\/wp-content\/uploads\/2019\/07\/IMG-20190726-WA0060.jpg 1280w\" sizes=\"auto, (max-width: 1024px) 100vw, 1024px\" \/><figcaption>Fotos: Arnaldo F\u00e9lix<\/figcaption><\/figure>\n","protected":false},"excerpt":{"rendered":"<p>O projeto ir\u00e1 beneficiar as fam\u00edlias filiadas ao MTST que ocuparam uma \u00e1rea pr\u00f3xima ao Pres\u00eddio Juiz Pl\u00e1cido de Souza&hellip;<\/p>\n","protected":false},"author":1,"featured_media":44743,"comment_status":"closed","ping_status":"open","sticky":false,"template":"","format":"standard","meta":{"footnotes":""},"categories":[14120],"tags":[2,15685],"class_list":["post-44742","post","type-post","status-publish","format-standard","has-post-thumbnail","hentry","category-noticias","tag-blog-do-edvaldo-magalhaes","tag-prefeita-raquel-lyra-acompanha-lancamento-do-residencial-severino-quirino-em-caruaru"],"_links":{"self":[{"href":"https:\/\/blogdoedvaldomagalhaes.com.br\/index.php\/wp-json\/wp\/v2\/posts\/44742","targetHints":{"allow":["GET"]}}],"collection":[{"href":"https:\/\/blogdoedvaldomagalhaes.com.br\/index.php\/wp-json\/wp\/v2\/posts"}],"about":[{"href":"https:\/\/blogdoedvaldomagalhaes.com.br\/index.php\/wp-json\/wp\/v2\/types\/post"}],"author":[{"embeddable":true,"href":"https:\/\/blogdoedvaldomagalhaes.com.br\/index.php\/wp-json\/wp\/v2\/users\/1"}],"replies":[{"embeddable":true,"href":"https:\/\/blogdoedvaldomagalhaes.com.br\/index.php\/wp-json\/wp\/v2\/comments?post=44742"}],"version-history":[{"count":1,"href":"https:\/\/blogdoedvaldomagalhaes.com.br\/index.php\/wp-json\/wp\/v2\/posts\/44742\/revisions"}],"predecessor-version":[{"id":44747,"href":"https:\/\/blogdoedvaldomagalhaes.com.br\/index.php\/wp-json\/wp\/v2\/posts\/44742\/revisions\/44747"}],"wp:featuredmedia":[{"embeddable":true,"href":"https:\/\/blogdoedvaldomagalhaes.com.br\/index.php\/wp-json\/wp\/v2\/media\/44743"}],"wp:attachment":[{"href":"https:\/\/blogdoedvaldomagalhaes.com.br\/index.php\/wp-json\/wp\/v2\/media?parent=44742"}],"wp:term":[{"taxonomy":"category","embeddable":true,"href":"https:\/\/blogdoedvaldomagalhaes.com.br\/index.php\/wp-json\/wp\/v2\/categories?post=44742"},{"taxonomy":"post_tag","embeddable":true,"href":"https:\/\/blogdoedvaldomagalhaes.com.br\/index.php\/wp-json\/wp\/v2\/tags?post=44742"}],"curies":[{"name":"wp","href":"https:\/\/api.w.org\/{rel}","templated":true}]}}