{"id":44631,"date":"2019-07-21T12:55:41","date_gmt":"2019-07-21T15:55:41","guid":{"rendered":"http:\/\/blogdoedvaldomagalhaes.com.br\/?p=44631"},"modified":"2019-07-21T15:23:25","modified_gmt":"2019-07-21T18:23:25","slug":"corpo-carbonizado-encontrado-em-caruaru-neste-domingo-21","status":"publish","type":"post","link":"https:\/\/blogdoedvaldomagalhaes.com.br\/index.php\/2019\/07\/21\/corpo-carbonizado-encontrado-em-caruaru-neste-domingo-21\/","title":{"rendered":"Corpo carbonizado encontrado em Caruaru neste domingo (21)"},"content":{"rendered":"\n<p>Um corpo carbonizado foi encontrado na manh\u00e3 deste domingo (21), no bairro Nova Caruaru. Peritos do Instituto de Criminal\u00edstica &#8211; IC, estiveram no local, quando o corpo ainda exalava fuma\u00e7a. Restou int\u00e1cto apenas o p\u00e9 direito da v\u00edtima, que estavam com as unhas pintadas de vermelho.<\/p>\n\n\n\n<figure class=\"wp-block-image\"><img loading=\"lazy\" decoding=\"async\" width=\"1024\" height=\"768\" src=\"http:\/\/blogdoedvaldomagalhaes.com.br\/wp-content\/uploads\/2019\/07\/IMG-20190721-WA0309-1024x768.jpg\" alt=\"\" class=\"wp-image-44640\" srcset=\"https:\/\/blogdoedvaldomagalhaes.com.br\/wp-content\/uploads\/2019\/07\/IMG-20190721-WA0309-1024x768.jpg 1024w, https:\/\/blogdoedvaldomagalhaes.com.br\/wp-content\/uploads\/2019\/07\/IMG-20190721-WA0309-300x225.jpg 300w, https:\/\/blogdoedvaldomagalhaes.com.br\/wp-content\/uploads\/2019\/07\/IMG-20190721-WA0309-768x576.jpg 768w, https:\/\/blogdoedvaldomagalhaes.com.br\/wp-content\/uploads\/2019\/07\/IMG-20190721-WA0309-160x120.jpg 160w, https:\/\/blogdoedvaldomagalhaes.com.br\/wp-content\/uploads\/2019\/07\/IMG-20190721-WA0309.jpg 1032w\" sizes=\"auto, (max-width: 1024px) 100vw, 1024px\" \/><\/figure>\n\n\n\n<p>Existe a suspeita que o corpo perten\u00e7a a uma menina de 12 anos, que est\u00e1 desaparecida em Caruaru, h\u00e1 mais de um m\u00eas. Jocl\u00e9cia da Silva foi vista pela \u00faltima vez no dia 14 de junho, no bairro Afonsinho, onde reside com a m\u00e3e, Maria Cec\u00edlia.<\/p>\n\n\n\n<figure class=\"wp-block-image\"><img loading=\"lazy\" decoding=\"async\" width=\"1024\" height=\"768\" src=\"http:\/\/blogdoedvaldomagalhaes.com.br\/wp-content\/uploads\/2019\/07\/IMG-20190721-WA0308-1024x768.jpg\" alt=\"\" class=\"wp-image-44641\" srcset=\"https:\/\/blogdoedvaldomagalhaes.com.br\/wp-content\/uploads\/2019\/07\/IMG-20190721-WA0308-1024x768.jpg 1024w, https:\/\/blogdoedvaldomagalhaes.com.br\/wp-content\/uploads\/2019\/07\/IMG-20190721-WA0308-300x225.jpg 300w, https:\/\/blogdoedvaldomagalhaes.com.br\/wp-content\/uploads\/2019\/07\/IMG-20190721-WA0308-768x576.jpg 768w, https:\/\/blogdoedvaldomagalhaes.com.br\/wp-content\/uploads\/2019\/07\/IMG-20190721-WA0308-160x120.jpg 160w, https:\/\/blogdoedvaldomagalhaes.com.br\/wp-content\/uploads\/2019\/07\/IMG-20190721-WA0308.jpg 1032w\" sizes=\"auto, (max-width: 1024px) 100vw, 1024px\" \/><\/figure>\n\n\n\n<p>A pol\u00edcia suspeita que a v\u00edtima estava sendo mantida em c\u00e1rcere privado, foi assassinada do s\u00e1bado (20) para o domingo (21), provavelmente durante a madrugada. Quem cometeu o crime, ateou fogo no cad\u00e1ver e para isso utilizou dois pneus que envolveram a v\u00edtima na cintura e no pesco\u00e7o, para o processo de carboniza\u00e7\u00e3o.<\/p>\n\n\n\n<figure class=\"wp-block-image\"><img loading=\"lazy\" decoding=\"async\" width=\"818\" height=\"1024\" src=\"http:\/\/blogdoedvaldomagalhaes.com.br\/wp-content\/uploads\/2019\/07\/IMG-20190721-WA0303-818x1024.jpg\" alt=\"\" class=\"wp-image-44642\" srcset=\"https:\/\/blogdoedvaldomagalhaes.com.br\/wp-content\/uploads\/2019\/07\/IMG-20190721-WA0303-818x1024.jpg 818w, https:\/\/blogdoedvaldomagalhaes.com.br\/wp-content\/uploads\/2019\/07\/IMG-20190721-WA0303-240x300.jpg 240w, https:\/\/blogdoedvaldomagalhaes.com.br\/wp-content\/uploads\/2019\/07\/IMG-20190721-WA0303-768x962.jpg 768w, https:\/\/blogdoedvaldomagalhaes.com.br\/wp-content\/uploads\/2019\/07\/IMG-20190721-WA0303.jpg 1022w\" sizes=\"auto, (max-width: 818px) 100vw, 818px\" \/><figcaption>Jocl\u00e9cia da Silva<\/figcaption><\/figure>\n\n\n\n<p>O corpo foi encaminhado para o IML do Recife.<\/p>\n\n\n\n<p>Fotos: Kalebe Pereira.<\/p>\n","protected":false},"excerpt":{"rendered":"<p>Um corpo carbonizado foi encontrado na manh\u00e3 deste domingo (21), no bairro Nova Caruaru. Peritos do Instituto de Criminal\u00edstica &#8211;&hellip;<\/p>\n","protected":false},"author":1,"featured_media":44632,"comment_status":"closed","ping_status":"open","sticky":false,"template":"","format":"standard","meta":{"footnotes":""},"categories":[14121],"tags":[2,15660],"class_list":["post-44631","post","type-post","status-publish","format-standard","has-post-thumbnail","hentry","category-policial","tag-blog-do-edvaldo-magalhaes","tag-corpo-carbonizado-encontrado-em-caruaru-neste-domingo-21"],"_links":{"self":[{"href":"https:\/\/blogdoedvaldomagalhaes.com.br\/index.php\/wp-json\/wp\/v2\/posts\/44631","targetHints":{"allow":["GET"]}}],"collection":[{"href":"https:\/\/blogdoedvaldomagalhaes.com.br\/index.php\/wp-json\/wp\/v2\/posts"}],"about":[{"href":"https:\/\/blogdoedvaldomagalhaes.com.br\/index.php\/wp-json\/wp\/v2\/types\/post"}],"author":[{"embeddable":true,"href":"https:\/\/blogdoedvaldomagalhaes.com.br\/index.php\/wp-json\/wp\/v2\/users\/1"}],"replies":[{"embeddable":true,"href":"https:\/\/blogdoedvaldomagalhaes.com.br\/index.php\/wp-json\/wp\/v2\/comments?post=44631"}],"version-history":[{"count":5,"href":"https:\/\/blogdoedvaldomagalhaes.com.br\/index.php\/wp-json\/wp\/v2\/posts\/44631\/revisions"}],"predecessor-version":[{"id":44644,"href":"https:\/\/blogdoedvaldomagalhaes.com.br\/index.php\/wp-json\/wp\/v2\/posts\/44631\/revisions\/44644"}],"wp:featuredmedia":[{"embeddable":true,"href":"https:\/\/blogdoedvaldomagalhaes.com.br\/index.php\/wp-json\/wp\/v2\/media\/44632"}],"wp:attachment":[{"href":"https:\/\/blogdoedvaldomagalhaes.com.br\/index.php\/wp-json\/wp\/v2\/media?parent=44631"}],"wp:term":[{"taxonomy":"category","embeddable":true,"href":"https:\/\/blogdoedvaldomagalhaes.com.br\/index.php\/wp-json\/wp\/v2\/categories?post=44631"},{"taxonomy":"post_tag","embeddable":true,"href":"https:\/\/blogdoedvaldomagalhaes.com.br\/index.php\/wp-json\/wp\/v2\/tags?post=44631"}],"curies":[{"name":"wp","href":"https:\/\/api.w.org\/{rel}","templated":true}]}}