{"id":44628,"date":"2019-07-20T20:14:46","date_gmt":"2019-07-20T23:14:46","guid":{"rendered":"http:\/\/blogdoedvaldomagalhaes.com.br\/?p=44628"},"modified":"2019-07-20T20:14:50","modified_gmt":"2019-07-20T23:14:50","slug":"menino-de-8-anos-desaparecido-em-garanhuns-e-encontrado-morto","status":"publish","type":"post","link":"https:\/\/blogdoedvaldomagalhaes.com.br\/index.php\/2019\/07\/20\/menino-de-8-anos-desaparecido-em-garanhuns-e-encontrado-morto\/","title":{"rendered":"Menino de 8 anos desaparecido em Garanhuns \u00e9 encontrado morto"},"content":{"rendered":"\n<p>Localizado na tarde deste s\u00e1bado (20), em um terreno baldio, pr\u00f3ximo de uma f\u00e1brica desativada, em Garanhuns, Agreste de Pernambuco, o corpo de Lucas Vin\u00edcius, 8 anos. O garoto estava desaparecido desde segunda-feira (15).<\/p>\n\n\n\n<p>O menino morava com os av\u00f3s maternos, no bairro Massaranduba. Ele havia sa\u00eddo de casa para dar um recado em um ferro velho e desapareceu.<\/p>\n\n\n\n<p>A crian\u00e7a estava com um ferimento na cabe\u00e7a. O corpo j\u00e1 estava em decomposi\u00e7\u00e3o. A Pol\u00edcia Civil investiga a morte do garoto.<\/p>\n\n\n\n<p>Informa\u00e7\u00f5es: Helenivaldo Pereira.<\/p>\n","protected":false},"excerpt":{"rendered":"<p>Localizado na tarde deste s\u00e1bado (20), em um terreno baldio, pr\u00f3ximo de uma f\u00e1brica desativada, em Garanhuns, Agreste de Pernambuco,&hellip;<\/p>\n","protected":false},"author":1,"featured_media":44629,"comment_status":"closed","ping_status":"open","sticky":false,"template":"","format":"standard","meta":{"footnotes":""},"categories":[14121],"tags":[2,15659],"class_list":["post-44628","post","type-post","status-publish","format-standard","has-post-thumbnail","hentry","category-policial","tag-blog-do-edvaldo-magalhaes","tag-menino-de-8-anos-desaparecido-em-garanhuns-e-encontrado-morto"],"_links":{"self":[{"href":"https:\/\/blogdoedvaldomagalhaes.com.br\/index.php\/wp-json\/wp\/v2\/posts\/44628","targetHints":{"allow":["GET"]}}],"collection":[{"href":"https:\/\/blogdoedvaldomagalhaes.com.br\/index.php\/wp-json\/wp\/v2\/posts"}],"about":[{"href":"https:\/\/blogdoedvaldomagalhaes.com.br\/index.php\/wp-json\/wp\/v2\/types\/post"}],"author":[{"embeddable":true,"href":"https:\/\/blogdoedvaldomagalhaes.com.br\/index.php\/wp-json\/wp\/v2\/users\/1"}],"replies":[{"embeddable":true,"href":"https:\/\/blogdoedvaldomagalhaes.com.br\/index.php\/wp-json\/wp\/v2\/comments?post=44628"}],"version-history":[{"count":1,"href":"https:\/\/blogdoedvaldomagalhaes.com.br\/index.php\/wp-json\/wp\/v2\/posts\/44628\/revisions"}],"predecessor-version":[{"id":44630,"href":"https:\/\/blogdoedvaldomagalhaes.com.br\/index.php\/wp-json\/wp\/v2\/posts\/44628\/revisions\/44630"}],"wp:featuredmedia":[{"embeddable":true,"href":"https:\/\/blogdoedvaldomagalhaes.com.br\/index.php\/wp-json\/wp\/v2\/media\/44629"}],"wp:attachment":[{"href":"https:\/\/blogdoedvaldomagalhaes.com.br\/index.php\/wp-json\/wp\/v2\/media?parent=44628"}],"wp:term":[{"taxonomy":"category","embeddable":true,"href":"https:\/\/blogdoedvaldomagalhaes.com.br\/index.php\/wp-json\/wp\/v2\/categories?post=44628"},{"taxonomy":"post_tag","embeddable":true,"href":"https:\/\/blogdoedvaldomagalhaes.com.br\/index.php\/wp-json\/wp\/v2\/tags?post=44628"}],"curies":[{"name":"wp","href":"https:\/\/api.w.org\/{rel}","templated":true}]}}