{"id":44625,"date":"2019-07-20T13:03:05","date_gmt":"2019-07-20T16:03:05","guid":{"rendered":"http:\/\/blogdoedvaldomagalhaes.com.br\/?p=44625"},"modified":"2019-07-20T13:03:08","modified_gmt":"2019-07-20T16:03:08","slug":"inscricoes-abertas-para-o-1-festival-de-futebol-feminino-de-caruaru","status":"publish","type":"post","link":"https:\/\/blogdoedvaldomagalhaes.com.br\/index.php\/2019\/07\/20\/inscricoes-abertas-para-o-1-festival-de-futebol-feminino-de-caruaru\/","title":{"rendered":"Inscri\u00e7\u00f5es abertas para o 1\u00b0 Festival de Futebol Feminino de Caruaru"},"content":{"rendered":"\n<p>O Caruaru City vai promover o 1\u00ba Festival de Futebol Feminino de Caruaru voltado para atletas que gostam de jogar futebol, mas n\u00e3o t\u00eam oportunidade. O p\u00fabico-alvo s\u00e3o meninas e mulheres de todas as idades que moram Caruaru e regi\u00e3o. <\/p>\n\n\n\n<p>As inscri\u00e7\u00f5es s\u00e3o gratuitas e seguem at\u00e9 esta ter\u00e7a-feira, dia 23 de julho. As interessadas devem realizar o cadastro exclusivamente pelo site (www.caruarucity.com.br), e aguardar as informa\u00e7\u00f5es detalhadas atrav\u00e9s do email cadastrado.<\/p>\n\n\n\n<p>O 1\u00ba Festival de Futebol Feminino de Caruaru ser\u00e1 realizado num domingo do m\u00eas de agosto deste ano. A data e o local ser\u00e3o divulgados em breve. O Caruaru City est\u00e1 reunindo uma gama de parceiros com o objetivo de realizar um grande evento para iniciar uma nova hist\u00f3ria do futebol feminino na cidade e em toda regi\u00e3o.<\/p>\n","protected":false},"excerpt":{"rendered":"<p>O Caruaru City vai promover o 1\u00ba Festival de Futebol Feminino de Caruaru voltado para atletas que gostam de jogar&hellip;<\/p>\n","protected":false},"author":1,"featured_media":44626,"comment_status":"closed","ping_status":"open","sticky":false,"template":"","format":"standard","meta":{"footnotes":""},"categories":[14123],"tags":[2,15658],"class_list":["post-44625","post","type-post","status-publish","format-standard","has-post-thumbnail","hentry","category-futebol","tag-blog-do-edvaldo-magalhaes","tag-inscricoes-abertas-para-o-1-festival-de-futebol-feminino-de-caruaru"],"_links":{"self":[{"href":"https:\/\/blogdoedvaldomagalhaes.com.br\/index.php\/wp-json\/wp\/v2\/posts\/44625","targetHints":{"allow":["GET"]}}],"collection":[{"href":"https:\/\/blogdoedvaldomagalhaes.com.br\/index.php\/wp-json\/wp\/v2\/posts"}],"about":[{"href":"https:\/\/blogdoedvaldomagalhaes.com.br\/index.php\/wp-json\/wp\/v2\/types\/post"}],"author":[{"embeddable":true,"href":"https:\/\/blogdoedvaldomagalhaes.com.br\/index.php\/wp-json\/wp\/v2\/users\/1"}],"replies":[{"embeddable":true,"href":"https:\/\/blogdoedvaldomagalhaes.com.br\/index.php\/wp-json\/wp\/v2\/comments?post=44625"}],"version-history":[{"count":1,"href":"https:\/\/blogdoedvaldomagalhaes.com.br\/index.php\/wp-json\/wp\/v2\/posts\/44625\/revisions"}],"predecessor-version":[{"id":44627,"href":"https:\/\/blogdoedvaldomagalhaes.com.br\/index.php\/wp-json\/wp\/v2\/posts\/44625\/revisions\/44627"}],"wp:featuredmedia":[{"embeddable":true,"href":"https:\/\/blogdoedvaldomagalhaes.com.br\/index.php\/wp-json\/wp\/v2\/media\/44626"}],"wp:attachment":[{"href":"https:\/\/blogdoedvaldomagalhaes.com.br\/index.php\/wp-json\/wp\/v2\/media?parent=44625"}],"wp:term":[{"taxonomy":"category","embeddable":true,"href":"https:\/\/blogdoedvaldomagalhaes.com.br\/index.php\/wp-json\/wp\/v2\/categories?post=44625"},{"taxonomy":"post_tag","embeddable":true,"href":"https:\/\/blogdoedvaldomagalhaes.com.br\/index.php\/wp-json\/wp\/v2\/tags?post=44625"}],"curies":[{"name":"wp","href":"https:\/\/api.w.org\/{rel}","templated":true}]}}