{"id":4461,"date":"2017-10-04T22:35:00","date_gmt":"2017-10-05T01:35:00","guid":{"rendered":"http:\/\/blogdoedvaldomagalhaes.com.br\/index.php\/2017\/10\/04\/servidores-nomeados-pela-destra-e\/"},"modified":"2019-02-09T01:46:49","modified_gmt":"2019-02-09T03:46:49","slug":"servidores-nomeados-pela-destra-e","status":"publish","type":"post","link":"https:\/\/blogdoedvaldomagalhaes.com.br\/index.php\/2017\/10\/04\/servidores-nomeados-pela-destra-e\/","title":{"rendered":"Servidores nomeados pela Destra em car\u00e1ter ad nutum"},"content":{"rendered":"<div class=\"separator\" style=\"clear: both; text-align: center;\">\n<a href=\"https:\/\/3.bp.blogspot.com\/-M3OXbOzU6Mw\/WdVh_WTjW6I\/AAAAAAAAgcE\/waqSnMZKQfUd6mM_j9_I8iFikgqyLN2twCLcBGAs\/s1600\/ad%2Bnutum.jpg\" imageanchor=\"1\" style=\"margin-left: 1em; margin-right: 1em;\"><img loading=\"lazy\" decoding=\"async\" border=\"0\" data-original-height=\"628\" data-original-width=\"1279\" height=\"193\" src=\"http:\/\/blogdoedvaldomagalhaes.com.br\/wp-content\/uploads\/2017\/10\/adnutum.jpg\" width=\"400\" \/><\/a><\/div>\n<div style=\"text-align: justify;\">\n<\/div>\n<div style=\"text-align: justify;\">\nO Diretor Presidente da Autarquia Municipal de Defesa Social, Tr\u00e2nsito e&nbsp;Transportes (Destra), Hermes Jos\u00e9 de Melo, nomeou, em car\u00e1ter ad nutum,&nbsp;com seus efeitos&nbsp;a contar de 1\u00ba de setembro de 2017, os seguintes servidores:&nbsp;<\/p>\n<p>Juliana Ferreira Matias, para ocupar o&nbsp;cargo de provimento em comiss\u00e3o de Assessora T\u00e9cnica da&nbsp;Destra.&nbsp;<\/p><\/div>\n<div style=\"text-align: justify;\">\n<\/div>\n<div style=\"text-align: justify;\">\nTaianny Alves Pereira, para ocupar o&nbsp;cargo de provimento em comiss\u00e3o de Assessora T\u00e9cnica da&nbsp;Destra.&nbsp;<\/div>\n<div style=\"text-align: justify;\">\n<\/div>\n<div style=\"text-align: justify;\">\nSergio Rodrigues de Oliveira, para&nbsp;ocupar o cargo de provimento em comiss\u00e3o de Assessor T\u00e9cnico da&nbsp;Destra.&nbsp;<\/p>\n<p><b>Entenda: <\/b>os cargos em comiss\u00e3o s\u00e3o demiss\u00edveis ad nutum, n\u00e3o sendo devidas verbas resilit\u00f3rias (aquilo que \u00e9 devido ao empregado uma vez rompido o v\u00ednculo contratual, apenas em decorr\u00eancia da rescis\u00e3o).&nbsp;<\/div>\n<div style=\"text-align: justify;\">\n<\/div>\n<div style=\"text-align: justify;\">\n<b>Exonerada<\/b> a pedido, Jos\u00e9lia Almeida Lima Jacobine, do cargo de&nbsp;Diretora de Defesa Social da&nbsp;Destra. A&nbsp;Portaria entra em vigor na data de sua publica\u00e7\u00e3o, com seus efeitos<\/div>\n<div style=\"text-align: justify;\">\na contar de 30 de setembro de 2017.<\/div>\n","protected":false},"excerpt":{"rendered":"<p>O Diretor Presidente da Autarquia Municipal de Defesa Social, Tr\u00e2nsito e&nbsp;Transportes (Destra), Hermes Jos\u00e9 de Melo, nomeou, em car\u00e1ter ad&hellip;<\/p>\n","protected":false},"author":1,"featured_media":0,"comment_status":"open","ping_status":"open","sticky":false,"template":"","format":"standard","meta":{"footnotes":""},"categories":[1],"tags":[2,20,5573],"class_list":["post-4461","post","type-post","status-publish","format-standard","hentry","category-sem-categoria","tag-blog-do-edvaldo-magalhaes","tag-politica","tag-servidores-nomeados-pela-destra-em-carater-ad-nutum"],"_links":{"self":[{"href":"https:\/\/blogdoedvaldomagalhaes.com.br\/index.php\/wp-json\/wp\/v2\/posts\/4461","targetHints":{"allow":["GET"]}}],"collection":[{"href":"https:\/\/blogdoedvaldomagalhaes.com.br\/index.php\/wp-json\/wp\/v2\/posts"}],"about":[{"href":"https:\/\/blogdoedvaldomagalhaes.com.br\/index.php\/wp-json\/wp\/v2\/types\/post"}],"author":[{"embeddable":true,"href":"https:\/\/blogdoedvaldomagalhaes.com.br\/index.php\/wp-json\/wp\/v2\/users\/1"}],"replies":[{"embeddable":true,"href":"https:\/\/blogdoedvaldomagalhaes.com.br\/index.php\/wp-json\/wp\/v2\/comments?post=4461"}],"version-history":[{"count":1,"href":"https:\/\/blogdoedvaldomagalhaes.com.br\/index.php\/wp-json\/wp\/v2\/posts\/4461\/revisions"}],"predecessor-version":[{"id":24841,"href":"https:\/\/blogdoedvaldomagalhaes.com.br\/index.php\/wp-json\/wp\/v2\/posts\/4461\/revisions\/24841"}],"wp:attachment":[{"href":"https:\/\/blogdoedvaldomagalhaes.com.br\/index.php\/wp-json\/wp\/v2\/media?parent=4461"}],"wp:term":[{"taxonomy":"category","embeddable":true,"href":"https:\/\/blogdoedvaldomagalhaes.com.br\/index.php\/wp-json\/wp\/v2\/categories?post=4461"},{"taxonomy":"post_tag","embeddable":true,"href":"https:\/\/blogdoedvaldomagalhaes.com.br\/index.php\/wp-json\/wp\/v2\/tags?post=4461"}],"curies":[{"name":"wp","href":"https:\/\/api.w.org\/{rel}","templated":true}]}}