{"id":44606,"date":"2019-07-19T21:58:08","date_gmt":"2019-07-20T00:58:08","guid":{"rendered":"http:\/\/blogdoedvaldomagalhaes.com.br\/?p=44606"},"modified":"2019-07-20T09:38:07","modified_gmt":"2019-07-20T12:38:07","slug":"marido-acusado-de-matar-a-esposa-a-pauladas-em-riacho-das-almas","status":"publish","type":"post","link":"https:\/\/blogdoedvaldomagalhaes.com.br\/index.php\/2019\/07\/19\/marido-acusado-de-matar-a-esposa-a-pauladas-em-riacho-das-almas\/","title":{"rendered":"Marido acusado de matar a esposa a pauladas em Riacho das Almas"},"content":{"rendered":"\n<p>Um b\u00e1rbaro crime de morte foi registrado na noite desta sexta-feira (19), no s\u00edtio Lagoa Nova,  zona rural de Riacho das Almas, no Agreste de Pernambuco. Segundo informa\u00e7\u00f5es, Wedja Apoliana dos Santos, foi assassinada a pauladas pelo pr\u00f3prio marido Marcone da Silva, ap\u00f3s uma discuss\u00e3o. O SAMU chegou a ser acionado, mas, infelizmente a v\u00edtima j\u00e1 estava em \u00f3bito. O corpo ser\u00e1 encaminhado para o IML de Caruaru. O acusado fugiu.<\/p>\n\n\n\n<figure class=\"wp-block-image\"><img loading=\"lazy\" decoding=\"async\" width=\"250\" height=\"250\" src=\"http:\/\/blogdoedvaldomagalhaes.com.br\/wp-content\/uploads\/2019\/07\/FB_IMG_1563589662152.jpg\" alt=\"\" class=\"wp-image-44613\" srcset=\"https:\/\/blogdoedvaldomagalhaes.com.br\/wp-content\/uploads\/2019\/07\/FB_IMG_1563589662152.jpg 250w, https:\/\/blogdoedvaldomagalhaes.com.br\/wp-content\/uploads\/2019\/07\/FB_IMG_1563589662152-150x150.jpg 150w\" sizes=\"auto, (max-width: 250px) 100vw, 250px\" \/><figcaption>V\u00edtima e acusado<\/figcaption><\/figure>\n","protected":false},"excerpt":{"rendered":"<p>Um b\u00e1rbaro crime de morte foi registrado na noite desta sexta-feira (19), no s\u00edtio Lagoa Nova, zona rural de Riacho&hellip;<\/p>\n","protected":false},"author":1,"featured_media":44607,"comment_status":"closed","ping_status":"open","sticky":false,"template":"","format":"standard","meta":{"footnotes":""},"categories":[14121],"tags":[2,15656],"class_list":["post-44606","post","type-post","status-publish","format-standard","has-post-thumbnail","hentry","category-policial","tag-blog-do-edvaldo-magalhaes","tag-marido-acusado-de-matar-a-esposa-a-pauladas-em-riacho-das-almas"],"_links":{"self":[{"href":"https:\/\/blogdoedvaldomagalhaes.com.br\/index.php\/wp-json\/wp\/v2\/posts\/44606","targetHints":{"allow":["GET"]}}],"collection":[{"href":"https:\/\/blogdoedvaldomagalhaes.com.br\/index.php\/wp-json\/wp\/v2\/posts"}],"about":[{"href":"https:\/\/blogdoedvaldomagalhaes.com.br\/index.php\/wp-json\/wp\/v2\/types\/post"}],"author":[{"embeddable":true,"href":"https:\/\/blogdoedvaldomagalhaes.com.br\/index.php\/wp-json\/wp\/v2\/users\/1"}],"replies":[{"embeddable":true,"href":"https:\/\/blogdoedvaldomagalhaes.com.br\/index.php\/wp-json\/wp\/v2\/comments?post=44606"}],"version-history":[{"count":6,"href":"https:\/\/blogdoedvaldomagalhaes.com.br\/index.php\/wp-json\/wp\/v2\/posts\/44606\/revisions"}],"predecessor-version":[{"id":44615,"href":"https:\/\/blogdoedvaldomagalhaes.com.br\/index.php\/wp-json\/wp\/v2\/posts\/44606\/revisions\/44615"}],"wp:featuredmedia":[{"embeddable":true,"href":"https:\/\/blogdoedvaldomagalhaes.com.br\/index.php\/wp-json\/wp\/v2\/media\/44607"}],"wp:attachment":[{"href":"https:\/\/blogdoedvaldomagalhaes.com.br\/index.php\/wp-json\/wp\/v2\/media?parent=44606"}],"wp:term":[{"taxonomy":"category","embeddable":true,"href":"https:\/\/blogdoedvaldomagalhaes.com.br\/index.php\/wp-json\/wp\/v2\/categories?post=44606"},{"taxonomy":"post_tag","embeddable":true,"href":"https:\/\/blogdoedvaldomagalhaes.com.br\/index.php\/wp-json\/wp\/v2\/tags?post=44606"}],"curies":[{"name":"wp","href":"https:\/\/api.w.org\/{rel}","templated":true}]}}