{"id":44602,"date":"2019-07-19T21:30:39","date_gmt":"2019-07-20T00:30:39","guid":{"rendered":"http:\/\/blogdoedvaldomagalhaes.com.br\/?p=44602"},"modified":"2019-07-19T21:30:42","modified_gmt":"2019-07-20T00:30:42","slug":"requalificacao-do-pontilhao-no-bairro-severino-afonso-e-concluida","status":"publish","type":"post","link":"https:\/\/blogdoedvaldomagalhaes.com.br\/index.php\/2019\/07\/19\/requalificacao-do-pontilhao-no-bairro-severino-afonso-e-concluida\/","title":{"rendered":"Requalifica\u00e7\u00e3o do pontilh\u00e3o no bairro Severino Afonso \u00e9 conclu\u00edda"},"content":{"rendered":"\n<p>A Prefeitura de Caruaru, por meio da Secretaria de Obras, concluiu, na \u00faltima semana, os servi\u00e7os de manuten\u00e7\u00e3o e recupera\u00e7\u00e3o do pontilh\u00e3o de acesso ao bairro Severino Afonso, conhecido como Afonsinho. O local que passou por toda requalifica\u00e7\u00e3o\/manuten\u00e7\u00e3o adequada, tamb\u00e9m foi contemplado com os servi\u00e7os de cal\u00e7adas dos dois lados da ponte, bem como, rampas de acessibilidade e drenagem.<\/p>\n\n\n\n<p>Al\u00e9m dos servi\u00e7os de manuten\u00e7\u00f5es que s\u00e3o realizados em diversos pontos da cidade, a Prefeitura de Caruaru, tamb\u00e9m est\u00e1 com execu\u00e7\u00f5es de novos pontilh\u00f5es. Os servi\u00e7os j\u00e1 est\u00e3o em fase avan\u00e7ada no S\u00edtio Vasco, zona rural da cidade, Rua S\u00e3o Domingos, no bairro Maur\u00edcio de Nassau e na Rua Mil\u00e3o, no S\u00e3o Jo\u00e3o da Esc\u00f3cia. Mesmo com as \u00e1reas j\u00e1 iniciadas, outras est\u00e3o com previs\u00e3o para in\u00edcio nos pr\u00f3ximos dias.<\/p>\n\n\n\n<p>A requalifica\u00e7\u00e3o do pontilh\u00e3o do bairro Severino Afonso al\u00e9m ser finalizada j\u00e1 est\u00e1 liberada para o acesso de pedestres e ve\u00edculos com estrutura totalmente adequada.<\/p>\n\n\n\n<p>Com os servi\u00e7os de manuten\u00e7\u00e3o, foram investidos no local mais de R$ 90 mil.<\/p>\n\n\n\n<p>Foto: Jorge Farias.<\/p>\n","protected":false},"excerpt":{"rendered":"<p>A Prefeitura de Caruaru, por meio da Secretaria de Obras, concluiu, na \u00faltima semana, os servi\u00e7os de manuten\u00e7\u00e3o e recupera\u00e7\u00e3o&hellip;<\/p>\n","protected":false},"author":1,"featured_media":44603,"comment_status":"closed","ping_status":"open","sticky":false,"template":"","format":"standard","meta":{"footnotes":""},"categories":[14120],"tags":[2,15655],"class_list":["post-44602","post","type-post","status-publish","format-standard","has-post-thumbnail","hentry","category-noticias","tag-blog-do-edvaldo-magalhaes","tag-requalificacao-do-pontilhao-no-bairro-severino-afonso-e-concluida"],"_links":{"self":[{"href":"https:\/\/blogdoedvaldomagalhaes.com.br\/index.php\/wp-json\/wp\/v2\/posts\/44602","targetHints":{"allow":["GET"]}}],"collection":[{"href":"https:\/\/blogdoedvaldomagalhaes.com.br\/index.php\/wp-json\/wp\/v2\/posts"}],"about":[{"href":"https:\/\/blogdoedvaldomagalhaes.com.br\/index.php\/wp-json\/wp\/v2\/types\/post"}],"author":[{"embeddable":true,"href":"https:\/\/blogdoedvaldomagalhaes.com.br\/index.php\/wp-json\/wp\/v2\/users\/1"}],"replies":[{"embeddable":true,"href":"https:\/\/blogdoedvaldomagalhaes.com.br\/index.php\/wp-json\/wp\/v2\/comments?post=44602"}],"version-history":[{"count":1,"href":"https:\/\/blogdoedvaldomagalhaes.com.br\/index.php\/wp-json\/wp\/v2\/posts\/44602\/revisions"}],"predecessor-version":[{"id":44604,"href":"https:\/\/blogdoedvaldomagalhaes.com.br\/index.php\/wp-json\/wp\/v2\/posts\/44602\/revisions\/44604"}],"wp:featuredmedia":[{"embeddable":true,"href":"https:\/\/blogdoedvaldomagalhaes.com.br\/index.php\/wp-json\/wp\/v2\/media\/44603"}],"wp:attachment":[{"href":"https:\/\/blogdoedvaldomagalhaes.com.br\/index.php\/wp-json\/wp\/v2\/media?parent=44602"}],"wp:term":[{"taxonomy":"category","embeddable":true,"href":"https:\/\/blogdoedvaldomagalhaes.com.br\/index.php\/wp-json\/wp\/v2\/categories?post=44602"},{"taxonomy":"post_tag","embeddable":true,"href":"https:\/\/blogdoedvaldomagalhaes.com.br\/index.php\/wp-json\/wp\/v2\/tags?post=44602"}],"curies":[{"name":"wp","href":"https:\/\/api.w.org\/{rel}","templated":true}]}}