{"id":4460,"date":"2017-10-04T23:28:00","date_gmt":"2017-10-05T02:28:00","guid":{"rendered":"http:\/\/blogdoedvaldomagalhaes.com.br\/index.php\/2017\/10\/04\/prefeitura-de-caruaru-emite-nota-sobre-5\/"},"modified":"2019-02-09T01:46:49","modified_gmt":"2019-02-09T03:46:49","slug":"prefeitura-de-caruaru-emite-nota-sobre-5","status":"publish","type":"post","link":"https:\/\/blogdoedvaldomagalhaes.com.br\/index.php\/2017\/10\/04\/prefeitura-de-caruaru-emite-nota-sobre-5\/","title":{"rendered":"Prefeitura de Caruaru emite nota sobre S\u00e3o Jo\u00e3o"},"content":{"rendered":"<div class=\"separator\" style=\"clear: both; text-align: center;\">\n<a href=\"https:\/\/1.bp.blogspot.com\/-LN0h3IAFaD8\/WdVtwrwpuuI\/AAAAAAAAgcU\/kECHTZR803Q03Q1bAp3fSAwM9N3Fa5UvwCLcBGAs\/s1600\/nota.jpg\" imageanchor=\"1\" style=\"margin-left: 1em; margin-right: 1em;\"><img loading=\"lazy\" decoding=\"async\" border=\"0\" data-original-height=\"162\" data-original-width=\"311\" height=\"208\" src=\"http:\/\/blogdoedvaldomagalhaes.com.br\/wp-content\/uploads\/2017\/10\/nota.jpg\" width=\"400\" \/><\/a><\/div>\n<div style=\"text-align: justify;\">\n<\/div>\n<div style=\"text-align: justify;\">\n<b>Nota de Esclarecimento da Prefeitura de Caruaru<\/b><\/div>\n<div style=\"text-align: justify;\">\n<\/div>\n<div style=\"text-align: justify;\">\nEm raz\u00e3o das recentes not\u00edcias veiculadas pela imprensa local e estadual, relativas \u00e0s festividades do S\u00e3o Jo\u00e3o de Caruaru do ano de 2017, torna-se de fundamental import\u00e2ncia, para restaurar a verdade, prestar os seguintes esclarecimentos:<\/div>\n<div style=\"text-align: justify;\">\n<\/div>\n<div style=\"text-align: justify;\">\nEspecificamente no que tange \u00e0s informa\u00e7\u00f5es veiculadas na imprensa, no sentido de que os bens da Prefeita Raquel Lyra teriam sido bloqueados por determina\u00e7\u00e3o do Poder Judici\u00e1rio Pernambucano, a pedido do Minist\u00e9rio P\u00fablico Estadual, no processo n\u00ba 0007268-96.2017.8.17.2480, tal fato \u00e9 a mais absoluta INVERDADE.<\/div>\n<div style=\"text-align: justify;\">\n<\/div>\n<div style=\"text-align: justify;\">\nA determina\u00e7\u00e3o judicial provis\u00f3ria proferida no referido processo limita-se a determinar a n\u00e3o realiza\u00e7\u00e3o de qualquer novo pagamento \u00e0 empresa contratada para realiza\u00e7\u00e3o da festa, N\u00c3O HAVENDO DETERMINA\u00c7\u00c3O DE BLOQUEIO DE BENS DE QUALQUER MEMBRO DA ATUAL GEST\u00c3O.&nbsp; &nbsp; &nbsp; &nbsp; &nbsp; &nbsp;<\/div>\n<div style=\"text-align: justify;\">\nEm rela\u00e7\u00e3o ao S\u00e3o Jo\u00e3o 2016, de responsabilidade da Gest\u00e3o Anterior, houve ordem de bloqueio de bens, nos autos do processo n\u00ba 0006672-15.2017.8.17.2480.<\/div>\n<div style=\"text-align: justify;\">\n<\/div>\n<div style=\"text-align: justify;\">\nDe todo modo \u00e9 importante registrar que a Prefeitura de Caruaru, ratificando os valores de transpar\u00eancia e legalidade, de forma in\u00e9dita, adotou as seguintes provid\u00eancias em rela\u00e7\u00e3o ao S\u00e3o Jo\u00e3o de 2017:<\/div>\n<div style=\"text-align: justify;\">\n<\/div>\n<div style=\"text-align: justify;\">\n1) abriu processo licitat\u00f3rio para realiza\u00e7\u00e3o da mencionada festa junina que n\u00e3o foi conclu\u00eddo em raz\u00e3o de decis\u00e3o do tribunal de contas &#8211; TCE, que aquela altura colocaria em risco a realiza\u00e7\u00e3o do evento, provocando n\u00e3o s\u00f3 preju\u00edzos de ordem econ\u00f4mica para o munic\u00edpio, mas principalmente inestim\u00e1veis de ordem cultural;<\/div>\n<div style=\"text-align: justify;\">\n<\/div>\n<div style=\"text-align: justify;\">\n2) interrompeu as pr\u00e1ticas de anos anteriores, relativa ao pagamento de comiss\u00f5es \u00e0 empresa contratada no percentual de 20%, incidentes sobre as capta\u00e7\u00f5es dos patrocinadores, inclusive das estatais;<\/div>\n<div style=\"text-align: justify;\">\n<\/div>\n<div style=\"text-align: justify;\">\n3)realizou chamamento p\u00fablico para empresas interessadas em figurar como patrocinadores do evento, adotando como crit\u00e9rio definidor a livre concorr\u00eancia quanto \u00e0 oferta da maior contribui\u00e7\u00e3o proposta para cada um dos espa\u00e7os patrocin\u00e1veis;<\/div>\n<div style=\"text-align: justify;\">\n<\/div>\n<div style=\"text-align: justify;\">\n4) recebeu e administrou todos os valores arrecadados com patroc\u00ednio, pela primeira vez na hist\u00f3ria do S\u00e3o Jo\u00e3o de Caruaru;&nbsp; &nbsp; &nbsp; &nbsp;<\/div>\n<div style=\"text-align: justify;\">\n<\/div>\n<div style=\"text-align: justify;\">\nPor todas as raz\u00f5es acima, a Prefeitura de Caruaru reafirma que n\u00e3o existe qualquer irregularidade pass\u00edvel de corre\u00e7\u00e3o pelo poder judici\u00e1rio, o que ser\u00e1 demonstrado ao longo do processo judicial, cujo desfecho se confia que ser\u00e1 o julgamento pela sua improced\u00eancia.<\/div>\n","protected":false},"excerpt":{"rendered":"<p>Nota de Esclarecimento da Prefeitura de Caruaru Em raz\u00e3o das recentes not\u00edcias veiculadas pela imprensa local e estadual, relativas \u00e0s&hellip;<\/p>\n","protected":false},"author":1,"featured_media":0,"comment_status":"open","ping_status":"open","sticky":false,"template":"","format":"standard","meta":{"footnotes":""},"categories":[1],"tags":[2,20,5572,2107],"class_list":["post-4460","post","type-post","status-publish","format-standard","hentry","category-sem-categoria","tag-blog-do-edvaldo-magalhaes","tag-politica","tag-prefeitura-de-caruaru-emite-nota-sobre-sao-joao","tag-ultimas-noticias-de-caruaru"],"_links":{"self":[{"href":"https:\/\/blogdoedvaldomagalhaes.com.br\/index.php\/wp-json\/wp\/v2\/posts\/4460","targetHints":{"allow":["GET"]}}],"collection":[{"href":"https:\/\/blogdoedvaldomagalhaes.com.br\/index.php\/wp-json\/wp\/v2\/posts"}],"about":[{"href":"https:\/\/blogdoedvaldomagalhaes.com.br\/index.php\/wp-json\/wp\/v2\/types\/post"}],"author":[{"embeddable":true,"href":"https:\/\/blogdoedvaldomagalhaes.com.br\/index.php\/wp-json\/wp\/v2\/users\/1"}],"replies":[{"embeddable":true,"href":"https:\/\/blogdoedvaldomagalhaes.com.br\/index.php\/wp-json\/wp\/v2\/comments?post=4460"}],"version-history":[{"count":1,"href":"https:\/\/blogdoedvaldomagalhaes.com.br\/index.php\/wp-json\/wp\/v2\/posts\/4460\/revisions"}],"predecessor-version":[{"id":24843,"href":"https:\/\/blogdoedvaldomagalhaes.com.br\/index.php\/wp-json\/wp\/v2\/posts\/4460\/revisions\/24843"}],"wp:attachment":[{"href":"https:\/\/blogdoedvaldomagalhaes.com.br\/index.php\/wp-json\/wp\/v2\/media?parent=4460"}],"wp:term":[{"taxonomy":"category","embeddable":true,"href":"https:\/\/blogdoedvaldomagalhaes.com.br\/index.php\/wp-json\/wp\/v2\/categories?post=4460"},{"taxonomy":"post_tag","embeddable":true,"href":"https:\/\/blogdoedvaldomagalhaes.com.br\/index.php\/wp-json\/wp\/v2\/tags?post=4460"}],"curies":[{"name":"wp","href":"https:\/\/api.w.org\/{rel}","templated":true}]}}