{"id":446,"date":"2018-12-12T18:33:00","date_gmt":"2018-12-12T20:33:00","guid":{"rendered":"http:\/\/blogdoedvaldomagalhaes.com.br\/index.php\/2018\/12\/12\/acusado-de-roubar-um-carro-em-toritama\/"},"modified":"2019-02-09T02:45:49","modified_gmt":"2019-02-09T04:45:49","slug":"acusado-de-roubar-um-carro-em-toritama","status":"publish","type":"post","link":"https:\/\/blogdoedvaldomagalhaes.com.br\/index.php\/2018\/12\/12\/acusado-de-roubar-um-carro-em-toritama\/","title":{"rendered":"Acusado de roubar um carro em Toritama \u00e9 perseguido pela PM, depois comete suic\u00eddio"},"content":{"rendered":"<div class=\"separator\" style=\"clear: both; text-align: center;\">\n<a href=\"https:\/\/4.bp.blogspot.com\/-Cf3O4evqj5M\/XBFRNhaBjdI\/AAAAAAAA_pQ\/_gplcvcSfHss9uZmtCUxgViLkGM5aQL_QCLcBGAs\/s1600\/FB_IMG_1544638630330.jpg\" imageanchor=\"1\" style=\"margin-left: 1em; margin-right: 1em;\"><img loading=\"lazy\" decoding=\"async\" border=\"0\" data-original-height=\"960\" data-original-width=\"540\" height=\"640\" src=\"http:\/\/blogdoedvaldomagalhaes.com.br\/wp-content\/uploads\/2018\/12\/FB_IMG_1544638630330.jpg\" width=\"360\" \/><\/a><\/div>\n<div class=\"separator\" style=\"clear: both; text-align: center;\">\n<\/div>\n<div class=\"separator\" style=\"clear: both; text-align: center;\">\n<a href=\"https:\/\/1.bp.blogspot.com\/-tLpRRuacse4\/XBGGT4T0nhI\/AAAAAAAA_ps\/DVxPSDh49KIcyiTtdRDZrBMhfr9_tIKhQCLcBGAs\/s1600\/IMG-20181212-WA0239.jpg\" imageanchor=\"1\" style=\"margin-left: 1em; margin-right: 1em;\"><img loading=\"lazy\" decoding=\"async\" border=\"0\" data-original-height=\"1040\" data-original-width=\"585\" height=\"640\" src=\"http:\/\/blogdoedvaldomagalhaes.com.br\/wp-content\/uploads\/2018\/12\/IMG-20181212-WA0239.jpg\" width=\"360\" \/><\/a><\/div>\n<div class=\"separator\" style=\"clear: both; text-align: center;\">\nFotos: Reprodu\u00e7\u00e3o\/Whatsapp&nbsp;<\/div>\n<div style=\"text-align: justify;\">\n<\/div>\n<div style=\"text-align: justify;\">\nSegundo informa\u00e7\u00f5es da pol\u00edcia, um acusado de roubar o ve\u00edculo HB20 de cor branca (foto), na cidade de &nbsp;Toritama, nesta quarta-feira (12), teria fugido em dire\u00e7\u00e3o \u00e0 Caruaru. O propriet\u00e1rio do carro fez o rastreamento e avisou a pol\u00edcia, que fez a persegui\u00e7\u00e3o pela via local da BR-104, em Caruaru, ao chegar ao lado do viaduto da Boa Vista, o suspeito havia batido em uma motocicleta do 1\u00b0 BIEsp, e saido correndo, sendo perseguido e cercado pelos policiais, na rua 1\u00b0 de Mar\u00e7o, no bairro Caiuc\u00e1, neste momento, o suspeito fez um disparo de arma de fogo contra a pr\u00f3pria cabe\u00e7a, morrendo no local, para n\u00e3o ser preso.&nbsp;<\/p>\n<div class=\"separator\" style=\"clear: both; text-align: center;\">\n<a href=\"https:\/\/2.bp.blogspot.com\/-3-JBOMMRqZc\/XBGGsuJbH4I\/AAAAAAAA_p0\/ZkwkoVKEsvAQ1uDTeX0EVyuMi4nlNb8VQCLcBGAs\/s1600\/IMG-20181212-WA0241.jpg\" imageanchor=\"1\" style=\"margin-left: 1em; margin-right: 1em;\"><img loading=\"lazy\" decoding=\"async\" border=\"0\" data-original-height=\"1280\" data-original-width=\"960\" height=\"640\" src=\"http:\/\/blogdoedvaldomagalhaes.com.br\/wp-content\/uploads\/2018\/12\/IMG-20181212-WA0241.jpg\" width=\"480\" \/><\/a><\/div>\n<p><\/p>\n<div class=\"separator\" style=\"clear: both; text-align: center;\">\n<a href=\"https:\/\/3.bp.blogspot.com\/-D0zbdWXdmSw\/XBGGviIY-LI\/AAAAAAAA_p4\/_XB9B3RSQaIW0SnVk9pIJ7HZusdGZ3thgCLcBGAs\/s1600\/IMG-20181212-WA0238.jpg\" imageanchor=\"1\" style=\"margin-left: 1em; margin-right: 1em;\"><img loading=\"lazy\" decoding=\"async\" border=\"0\" data-original-height=\"1040\" data-original-width=\"585\" height=\"640\" src=\"http:\/\/blogdoedvaldomagalhaes.com.br\/wp-content\/uploads\/2018\/12\/IMG-20181212-WA0238.jpg\" width=\"360\" \/><\/a><\/div>\n<p>\nO suspeito foi identificado como Janaylson Jos\u00e9 da Silva, de 28 anos, residente no bairro Salgado, Caruaru. O corpo foi levado para o IML de Caruaru.&nbsp;<\/div>\n","protected":false},"excerpt":{"rendered":"<p>Fotos: Reprodu\u00e7\u00e3o\/Whatsapp&nbsp; Segundo informa\u00e7\u00f5es da pol\u00edcia, um acusado de roubar o ve\u00edculo HB20 de cor branca (foto), na cidade de&hellip;<\/p>\n","protected":false},"author":1,"featured_media":0,"comment_status":"open","ping_status":"open","sticky":false,"template":"","format":"standard","meta":{"footnotes":""},"categories":[1],"tags":[2,13],"class_list":["post-446","post","type-post","status-publish","format-standard","hentry","category-sem-categoria","tag-blog-do-edvaldo-magalhaes","tag-policial"],"_links":{"self":[{"href":"https:\/\/blogdoedvaldomagalhaes.com.br\/index.php\/wp-json\/wp\/v2\/posts\/446","targetHints":{"allow":["GET"]}}],"collection":[{"href":"https:\/\/blogdoedvaldomagalhaes.com.br\/index.php\/wp-json\/wp\/v2\/posts"}],"about":[{"href":"https:\/\/blogdoedvaldomagalhaes.com.br\/index.php\/wp-json\/wp\/v2\/types\/post"}],"author":[{"embeddable":true,"href":"https:\/\/blogdoedvaldomagalhaes.com.br\/index.php\/wp-json\/wp\/v2\/users\/1"}],"replies":[{"embeddable":true,"href":"https:\/\/blogdoedvaldomagalhaes.com.br\/index.php\/wp-json\/wp\/v2\/comments?post=446"}],"version-history":[{"count":1,"href":"https:\/\/blogdoedvaldomagalhaes.com.br\/index.php\/wp-json\/wp\/v2\/posts\/446\/revisions"}],"predecessor-version":[{"id":36763,"href":"https:\/\/blogdoedvaldomagalhaes.com.br\/index.php\/wp-json\/wp\/v2\/posts\/446\/revisions\/36763"}],"wp:attachment":[{"href":"https:\/\/blogdoedvaldomagalhaes.com.br\/index.php\/wp-json\/wp\/v2\/media?parent=446"}],"wp:term":[{"taxonomy":"category","embeddable":true,"href":"https:\/\/blogdoedvaldomagalhaes.com.br\/index.php\/wp-json\/wp\/v2\/categories?post=446"},{"taxonomy":"post_tag","embeddable":true,"href":"https:\/\/blogdoedvaldomagalhaes.com.br\/index.php\/wp-json\/wp\/v2\/tags?post=446"}],"curies":[{"name":"wp","href":"https:\/\/api.w.org\/{rel}","templated":true}]}}