{"id":44599,"date":"2019-07-19T21:18:04","date_gmt":"2019-07-20T00:18:04","guid":{"rendered":"http:\/\/blogdoedvaldomagalhaes.com.br\/?p=44599"},"modified":"2019-07-19T21:18:09","modified_gmt":"2019-07-20T00:18:09","slug":"aula-show-gratuita-de-confeitaria-em-caruaru-terca-23","status":"publish","type":"post","link":"https:\/\/blogdoedvaldomagalhaes.com.br\/index.php\/2019\/07\/19\/aula-show-gratuita-de-confeitaria-em-caruaru-terca-23\/","title":{"rendered":"Aula-show gratuita de confeitaria em Caruaru ter\u00e7a (23)"},"content":{"rendered":"\n<p>Na pr\u00f3xima ter\u00e7a-feira (23), 150 alunos das oficinas de culin\u00e1ria do programa \u201cQualifica Caruaru\u201d participar\u00e3o de uma aula-show gratuita de confeitaria com o cake design Gilson Abreu, refer\u00eancia na \u00e1rea. A oficina ser\u00e1 promovida pela Prefeitura de Caruaru, por meio da Secretaria de Desenvolvimento Social e Direitos Humanos (SDSDH), em parceria com o Sest\/Senat. Os alunos s\u00e3o os formandos das capacita\u00e7\u00f5es de culin\u00e1ria realizadas nos \u00faltimos meses nos CRAS Pau Santo, Xicuru, Bonan\u00e7a, no Centro de Conviv\u00eancia Fernando Lyra, entre outros locais do munic\u00edpio.<\/p>\n\n\n\n<p>O instrutor ir\u00e1 passar os ensinamentos pr\u00e1ticos e te\u00f3ricos sobre a prepara\u00e7\u00e3o de bolo de casamento, com transmiss\u00e3o ao vivo atrav\u00e9s de um tel\u00e3o na sala de aula para que todos possam acompanhar os detalhes. Os alunos aprender\u00e3o o passo a passo para o preparo do bolo, desde a produ\u00e7\u00e3o da massa que vai ao forno, \u00e0 cobertura do bolo pronto e todo o processo de acabamento com arranjos e truques para agradar os clientes mais exigentes. O \u201caul\u00e3o\u201d ir\u00e1 acontecer no Sest\/Senat Caruaru em dois momentos: das 08h \u00e0s 12h e das 14h \u00e0s 17h, com intervalo para o almo\u00e7o que vai ser oferecido aos participantes.<\/p>\n\n\n\n<p><em>Sobre o \u201cQualifica Caruaru\u201d<\/em><\/p>\n\n\n\n<p>O Brasil vive um momento delicado no tocante ao n\u00famero de pessoas desempregadas. Diante desta realidade e cumprindo o plano de governo, a prefeita Raquel Lyra organizou um grupo de trabalho para buscar qualifica\u00e7\u00e3o para os moradores de Caruaru. Foi a\u00ed que surgiu o programa \u201cQualifica Caruaru\u201d, que busca qualificar e inserir os concluintes dos cursos no mundo do trabalho. O programa vem desenvolvendo cursos e oficinas profissionalizantes nos equipamentos sociais do munic\u00edpio, pelas secretarias de Pol\u00edticas para Mulheres e pela de Desenvolvimento Social e Direitos Humanos, e j\u00e1 atendeu uma m\u00e9dia de 739 alunos.<\/p>\n\n\n\n<p>Entre as capacita\u00e7\u00f5es oferecidas, est\u00e3o as oficinas de qualifica\u00e7\u00e3o profissional de artesanato tur\u00edstico, decora\u00e7\u00e3o e customiza\u00e7\u00e3o de pe\u00e7as juninas, bijuterias, e as de culin\u00e1ria, onde j\u00e1 foram ensinados desde os preparos da cozinha regional at\u00e9 a fabrica\u00e7\u00e3o de salgados, bolos e tortas, entre muitos outros cursos. Al\u00e9m das aulas t\u00e9cnicas, o programa ainda oferece forma\u00e7\u00e3o sociopol\u00edtica e de marketing pessoal, e fornece aos alunos os kits de inicia\u00e7\u00e3o profissional ao final de cada curso.<\/p>\n","protected":false},"excerpt":{"rendered":"<p>Na pr\u00f3xima ter\u00e7a-feira (23), 150 alunos das oficinas de culin\u00e1ria do programa \u201cQualifica Caruaru\u201d participar\u00e3o de uma aula-show gratuita de&hellip;<\/p>\n","protected":false},"author":1,"featured_media":44600,"comment_status":"closed","ping_status":"open","sticky":false,"template":"","format":"standard","meta":{"footnotes":""},"categories":[14120],"tags":[15654,2],"class_list":["post-44599","post","type-post","status-publish","format-standard","has-post-thumbnail","hentry","category-noticias","tag-aula-show-gratuita-de-confeitaria-em-caruaru-terca-23","tag-blog-do-edvaldo-magalhaes"],"_links":{"self":[{"href":"https:\/\/blogdoedvaldomagalhaes.com.br\/index.php\/wp-json\/wp\/v2\/posts\/44599","targetHints":{"allow":["GET"]}}],"collection":[{"href":"https:\/\/blogdoedvaldomagalhaes.com.br\/index.php\/wp-json\/wp\/v2\/posts"}],"about":[{"href":"https:\/\/blogdoedvaldomagalhaes.com.br\/index.php\/wp-json\/wp\/v2\/types\/post"}],"author":[{"embeddable":true,"href":"https:\/\/blogdoedvaldomagalhaes.com.br\/index.php\/wp-json\/wp\/v2\/users\/1"}],"replies":[{"embeddable":true,"href":"https:\/\/blogdoedvaldomagalhaes.com.br\/index.php\/wp-json\/wp\/v2\/comments?post=44599"}],"version-history":[{"count":1,"href":"https:\/\/blogdoedvaldomagalhaes.com.br\/index.php\/wp-json\/wp\/v2\/posts\/44599\/revisions"}],"predecessor-version":[{"id":44601,"href":"https:\/\/blogdoedvaldomagalhaes.com.br\/index.php\/wp-json\/wp\/v2\/posts\/44599\/revisions\/44601"}],"wp:featuredmedia":[{"embeddable":true,"href":"https:\/\/blogdoedvaldomagalhaes.com.br\/index.php\/wp-json\/wp\/v2\/media\/44600"}],"wp:attachment":[{"href":"https:\/\/blogdoedvaldomagalhaes.com.br\/index.php\/wp-json\/wp\/v2\/media?parent=44599"}],"wp:term":[{"taxonomy":"category","embeddable":true,"href":"https:\/\/blogdoedvaldomagalhaes.com.br\/index.php\/wp-json\/wp\/v2\/categories?post=44599"},{"taxonomy":"post_tag","embeddable":true,"href":"https:\/\/blogdoedvaldomagalhaes.com.br\/index.php\/wp-json\/wp\/v2\/tags?post=44599"}],"curies":[{"name":"wp","href":"https:\/\/api.w.org\/{rel}","templated":true}]}}