{"id":44596,"date":"2019-07-19T21:01:03","date_gmt":"2019-07-20T00:01:03","guid":{"rendered":"http:\/\/blogdoedvaldomagalhaes.com.br\/?p=44596"},"modified":"2019-07-19T21:01:05","modified_gmt":"2019-07-20T00:01:05","slug":"voce-ja-ouviu-falar-do-consec","status":"publish","type":"post","link":"https:\/\/blogdoedvaldomagalhaes.com.br\/index.php\/2019\/07\/19\/voce-ja-ouviu-falar-do-consec\/","title":{"rendered":"Voc\u00ea j\u00e1 ouviu falar do CONSEC?"},"content":{"rendered":"<div>\n<div style=\"text-align: justify;\">Voc\u00ea j\u00e1 ouviu falar do CONSEC?\u00a0<img decoding=\"async\" class=\"CToWUd\" src=\"https:\/\/mail.google.com\/mail\/e\/1f914\" alt=\"\ud83e\udd14\" data-goomoji=\"1f914\" data-image-whitelisted=\"\" \/><img decoding=\"async\" class=\"CToWUd\" src=\"https:\/\/mail.google.com\/mail\/e\/1f914\" alt=\"\ud83e\udd14\" data-goomoji=\"1f914\" data-image-whitelisted=\"\" \/>\u00a0Assista ao v\u00eddeo e saiba mais sobre essa a\u00e7\u00e3o do Juntos pela Seguran\u00e7a que vem dando certo e que est\u00e1 colaborando cada vez mais com a seguran\u00e7a da nossa popula\u00e7\u00e3o.\u00a0<img decoding=\"async\" class=\"CToWUd\" src=\"https:\/\/mail.google.com\/mail\/e\/1f694\" alt=\"\ud83d\ude94\" data-goomoji=\"1f694\" data-image-whitelisted=\"\" \/><img decoding=\"async\" class=\"CToWUd\" src=\"https:\/\/mail.google.com\/mail\/e\/1f6a8\" alt=\"\ud83d\udea8\" data-goomoji=\"1f6a8\" data-image-whitelisted=\"\" \/><br \/><br \/>#ConselhoDeSeguran\u00e7aCidad\u00e3<br \/>#JuntosPelaSeguran\u00e7a<br \/>#PrefeituraDeCaruaru<\/div>\n<\/div>\n<div style=\"text-align: justify;\">\u00a0<\/div>\n\n\n<iframe loading=\"lazy\" src=\"https:\/\/www.facebook.com\/plugins\/video.php?href=https%3A%2F%2Fwww.facebook.com%2Fblogdoedvaldomagalhaes%2Fvideos%2F373071346684827%2F&#038;show_text=0&#038;width=560\" width=\"560\" height=\"317\" style=\"border:none;overflow:hidden\" scrolling=\"no\" frameborder=\"0\" allowTransparency=\"true\" allowFullScreen=\"true\"><\/iframe>\n","protected":false},"excerpt":{"rendered":"<p>Voc\u00ea j\u00e1 ouviu falar do CONSEC?\u00a0\u00a0Assista ao v\u00eddeo e saiba mais sobre essa a\u00e7\u00e3o do Juntos pela Seguran\u00e7a que vem&hellip;<\/p>\n","protected":false},"author":1,"featured_media":44597,"comment_status":"closed","ping_status":"open","sticky":false,"template":"","format":"standard","meta":{"footnotes":""},"categories":[14120],"tags":[2,5282,141],"class_list":["post-44596","post","type-post","status-publish","format-standard","has-post-thumbnail","hentry","category-noticias","tag-blog-do-edvaldo-magalhaes","tag-consec","tag-prefeitura-de-caruaru"],"_links":{"self":[{"href":"https:\/\/blogdoedvaldomagalhaes.com.br\/index.php\/wp-json\/wp\/v2\/posts\/44596","targetHints":{"allow":["GET"]}}],"collection":[{"href":"https:\/\/blogdoedvaldomagalhaes.com.br\/index.php\/wp-json\/wp\/v2\/posts"}],"about":[{"href":"https:\/\/blogdoedvaldomagalhaes.com.br\/index.php\/wp-json\/wp\/v2\/types\/post"}],"author":[{"embeddable":true,"href":"https:\/\/blogdoedvaldomagalhaes.com.br\/index.php\/wp-json\/wp\/v2\/users\/1"}],"replies":[{"embeddable":true,"href":"https:\/\/blogdoedvaldomagalhaes.com.br\/index.php\/wp-json\/wp\/v2\/comments?post=44596"}],"version-history":[{"count":1,"href":"https:\/\/blogdoedvaldomagalhaes.com.br\/index.php\/wp-json\/wp\/v2\/posts\/44596\/revisions"}],"predecessor-version":[{"id":44598,"href":"https:\/\/blogdoedvaldomagalhaes.com.br\/index.php\/wp-json\/wp\/v2\/posts\/44596\/revisions\/44598"}],"wp:featuredmedia":[{"embeddable":true,"href":"https:\/\/blogdoedvaldomagalhaes.com.br\/index.php\/wp-json\/wp\/v2\/media\/44597"}],"wp:attachment":[{"href":"https:\/\/blogdoedvaldomagalhaes.com.br\/index.php\/wp-json\/wp\/v2\/media?parent=44596"}],"wp:term":[{"taxonomy":"category","embeddable":true,"href":"https:\/\/blogdoedvaldomagalhaes.com.br\/index.php\/wp-json\/wp\/v2\/categories?post=44596"},{"taxonomy":"post_tag","embeddable":true,"href":"https:\/\/blogdoedvaldomagalhaes.com.br\/index.php\/wp-json\/wp\/v2\/tags?post=44596"}],"curies":[{"name":"wp","href":"https:\/\/api.w.org\/{rel}","templated":true}]}}